{"id":140383,"date":"2024-12-02T16:44:25","date_gmt":"2024-12-02T19:44:25","guid":{"rendered":"https:\/\/centraldeportes.com.ar\/?p=57960"},"modified":"2025-02-14T00:12:02","modified_gmt":"2025-02-14T03:12:02","slug":"leonardo-landaburu-festejo-en-la-madrid","status":"publish","type":"post","link":"https:\/\/cdnoticias.com\/index.php\/2024\/12\/02\/leonardo-landaburu-festejo-en-la-madrid\/","title":{"rendered":"Leonardo Landaburu festej\u00f3 en La Madrid"},"content":{"rendered":"<p>El s\u00e1bado fue un d\u00eda hist\u00f3rico para el atletismo lamatritense y en la 1\u00b0 edici\u00f3n de la Marat\u00f3n de Bomberos Voluntarios, la victoria fue para Leonardo Landaburu. Hubo importe grupo de locales y varios podios.<!--more--><\/p>\n<hr \/>\n<p>Con la participaci\u00f3n de unos doscientos atletas se disput\u00f3 en la noche del s\u00e1bado la primera edici\u00f3n de la Marat\u00f3n de bomberos Voluntarios que tuvo un circuito callejero de 5 kil\u00f3metros para completar en dos vueltas.<\/p>\n<p>&nbsp;<\/p>\n<p>El punto de partida y llegada se ubic\u00f3 frente al cuartel de la entidad organizadora y al t\u00e9rmino de la prueba fue el lugar de premiaci\u00f3n y tambi\u00e9n sitio donde se distingui\u00f3 a Miguel N\u00fa\u00f1ez, destacado atleta de la regi\u00f3n e integrante del cuerpo de Bomberos Voluntarios.<\/p>\n<p>&nbsp;<\/p>\n<p>La victoria dentro de la categor\u00eda principal fue para Leonardo Landaburu, pero tambi\u00e9n hubo podios para Pablo Ingrata y Natalia Zaffora entre los m\u00e1s de 25 representantes de Olavarr\u00eda que tuvo la prueba pedestre.<\/p>\n<p>&nbsp;<\/p>\n<p>Los resultados:<\/p>\n<p>Caballeros<\/p>\n<p>1\u00b0 Landaburu Leo con 32:00<br \/>\n3\u00b0 Ingrata Pablo<br \/>\n7\u00b0 Baygorria Luis<br \/>\n11\u00b0 Otero Guillermo<br \/>\n13\u00b0 Maldonado Carlos<br \/>\n20\u00b0 Troncoso Cristian<br \/>\n23\u00b0 Sotuyo Federico<br \/>\n24\u00b0 Fini Jorge Luis<br \/>\n27\u00b0 Gadea Oscar<br \/>\n29\u00b0 Guasura Enzo<br \/>\n32\u00b0 Frutos Sergio<br \/>\n36\u00b0 Andersson Rafael<br \/>\n39\u00b0 Oca\u00f1a Jos\u00e9 Luis<br \/>\n40\u00b0 De La Iglesia Dar\u00edo<br \/>\n46\u00b0 Calzoni Marcelo<\/p>\n<p>&nbsp;<\/p>\n<p>Damas<\/p>\n<p>3\u00b0 Zaffota Natalia<br \/>\n11\u00b0 Pacheco Mar\u00eda<br \/>\n18\u00b0 Antonio Brenda<br \/>\n20\u00b0 Baygorria Ver\u00f3nica<br \/>\n24\u00b0 Balma Sandra<br \/>\n26\u00b0 Baygorria Yesica<br \/>\n27\u00b0 Ju\u00e1rez Marta<br \/>\n32\u00b0 Castex Mariana<br \/>\n33\u00b0 Fern\u00e1ndez Marisa<\/p>\n","protected":false},"excerpt":{"rendered":"<p>El s\u00e1bado fue un d\u00eda hist\u00f3rico para el atletismo lamatritense y en la 1\u00b0 edici\u00f3n de la Marat\u00f3n de Bomberos<\/p>\n","protected":false},"author":96739694,"featured_media":140482,"comment_status":"closed","ping_status":"closed","sticky":false,"template":"","format":"standard","meta":{"_jetpack_memberships_contains_paid_content":false,"footnotes":""},"categories":[38,1],"tags":[],"class_list":["post-140383","post","type-post","status-publish","format-standard","has-post-thumbnail","hentry","category-pedestrismo","category-portada"],"jetpack_featured_media_url":"https:\/\/i0.wp.com\/cdnoticias.com\/wp-content\/uploads\/2024\/12\/lamadrid.jpeg?fit=1600%2C1066&ssl=1","jetpack_sharing_enabled":true,"_links":{"self":[{"href":"https:\/\/cdnoticias.com\/index.php\/wp-json\/wp\/v2\/posts\/140383","targetHints":{"allow":["GET"]}}],"collection":[{"href":"https:\/\/cdnoticias.com\/index.php\/wp-json\/wp\/v2\/posts"}],"about":[{"href":"https:\/\/cdnoticias.com\/index.php\/wp-json\/wp\/v2\/types\/post"}],"author":[{"embeddable":true,"href":"https:\/\/cdnoticias.com\/index.php\/wp-json\/wp\/v2\/users\/96739694"}],"replies":[{"embeddable":true,"href":"https:\/\/cdnoticias.com\/index.php\/wp-json\/wp\/v2\/comments?post=140383"}],"version-history":[{"count":0,"href":"https:\/\/cdnoticias.com\/index.php\/wp-json\/wp\/v2\/posts\/140383\/revisions"}],"wp:featuredmedia":[{"embeddable":true,"href":"https:\/\/cdnoticias.com\/index.php\/wp-json\/wp\/v2\/media\/140482"}],"wp:attachment":[{"href":"https:\/\/cdnoticias.com\/index.php\/wp-json\/wp\/v2\/media?parent=140383"}],"wp:term":[{"taxonomy":"category","embeddable":true,"href":"https:\/\/cdnoticias.com\/index.php\/wp-json\/wp\/v2\/categories?post=140383"},{"taxonomy":"post_tag","embeddable":true,"href":"https:\/\/cdnoticias.com\/index.php\/wp-json\/wp\/v2\/tags?post=140383"}],"curies":[{"name":"wp","href":"https:\/\/api.w.org\/{rel}","templated":true}]}}