{"id":140374,"date":"2024-12-01T09:24:53","date_gmt":"2024-12-01T12:24:53","guid":{"rendered":"https:\/\/centraldeportes.com.ar\/?p=57918"},"modified":"2025-02-14T00:12:19","modified_gmt":"2025-02-14T03:12:19","slug":"historico-embajadores-a-cuartos-de-final-en-el-torneo-regional-amateur","status":"publish","type":"post","link":"https:\/\/cdnoticias.com\/index.php\/2024\/12\/01\/historico-embajadores-a-cuartos-de-final-en-el-torneo-regional-amateur\/","title":{"rendered":"Hist\u00f3rico: Embajadores, a cuartos de final en el Torneo Regional Amateur"},"content":{"rendered":"<p>El CEO derrot\u00f3 2 a 0 a Balonpi\u00e9 en el Estadio de Alem, liquid\u00f3 la serie global 4 \u2013 1 y se meti\u00f3 entre los ocho mejores equipos de la Regi\u00f3n Pampeana Sur. Espera por Racing o Alumni Azule\u00f1o.<!--more--><\/p>\n<hr \/>\n<p>La entidad de Avellaneda e Independencia escribi\u00f3 otro cap\u00edtulo importante en su historia futbol\u00edstica. <strong>Sac\u00f3 a Balonpi\u00e9 de Bol\u00edvar del certamen y clasific\u00f3 por primera vez a unos cuartos de final del Torneo Regional Amateur<\/strong>.<\/p>\n<p>&nbsp;<\/p>\n<p>Tras la m\u00ednima ventaja que consigui\u00f3 en el sint\u00e9tico, <strong>Embajadores<\/strong> fue decidido a cerrar la serie y as\u00ed lo hizo. Con solvencia,<strong> derrot\u00f3 2 a 0 a los de Maxwell en el Estadio de Alem<\/strong> y se meti\u00f3 entre los ocho mejores equipos de la Regi\u00f3n Pampeana Sur.<\/p>\n<p>&nbsp;<\/p>\n<p>Sobre el cierre de la primera parte, cuando apenas iban 43\u2019, <strong>Mat\u00edas Da Rosa aprovech\u00f3 el rebote que dej\u00f3 L\u00f3pez tras el disparo de Scipioni y concret\u00f3 el primer grito de la noche para los de Valderrey<\/strong>.<\/p>\n<p>&nbsp;<\/p>\n<p>Ya en la etapa complementaria,<strong> Luciano Rojas, en la primera que intervino, emergi\u00f3 desde el segundo palo, intercambi\u00f3 acci\u00f3n por gol a los 64\u2019 y sentenci\u00f3 la historia 2 \u2013 0 en suelo bolivarense<\/strong>.<\/p>\n<p>&nbsp;<\/p>\n<p>Ahora, en cuartos de final, <strong>Embajadores espera por su rival que saldr\u00e1 del cruce entre Racing y Alumni Azule\u00f1o<\/strong>. En la ida, el \u201cChaira\u201d se impuso 2 \u2013 0.<\/p>\n<p>&nbsp;<\/p>\n<p><strong>S\u00edntesis Balonpi\u00e9 (Bol\u00edvar) \u2013 Embajadores:<\/strong><\/p>\n<p><strong>Balonpi\u00e9 (0): <\/strong>Ferm\u00edn L\u00f3pez; Nicol\u00e1s Sard\u00f3n, Alberto Kunz (B. Aguilar), Tom\u00e1s Campitelli, Santiago Hern\u00e1ndez (F. Dezego); Joaqu\u00edn Jaremko (V. L\u00f3pez), Gianni Riccioppo, Agust\u00edn Panaro, Ariel Fantoni; Andy Angerami y Facundo Iriarte (T. Klemenco). DT: Jos\u00e9 Maxwell.<\/p>\n<p><strong>Embajadores (2):<\/strong> Gonzalo Rizzi; Bruno Di Bello (L. Sasali), Franco Irusta, Federico Sacher, Nahuel Moro; Alexander Rubio (F. Soto), Juan Cruz Areco, Emilio Scipioni (E. G\u00f3mez), Juan Manuel \u00c1lvarez (R. Di Lorenzo); Santino Sacchi y Mat\u00edas Da Rosa (L. Rojas). DT: Marcos Valderrey.<\/p>\n<p><strong>Goles:<\/strong> 43min PT Mat\u00edas Da Rosa (CEO) y 19min ST Luciano Rojas (CEO).<\/p>\n<p><strong>Amonestados: <\/strong>Panaro, Iriarte y Jaremko (Balonpi\u00e9); Sasali (Embajadores).<\/p>\n<p><strong>Expulsados:<\/strong> 11min ST Agust\u00edn Panaro (B).<\/p>\n<p><strong>\u00c1rbitro:<\/strong> Ricardo Tripulillo (9 de Julio). <strong>Estadio:<\/strong> Alem.<\/p>\n","protected":false},"excerpt":{"rendered":"<p>El CEO derrot\u00f3 2 a 0 a Balonpi\u00e9 en el Estadio de Alem, liquid\u00f3 la serie global 4 \u2013 1<\/p>\n","protected":false},"author":96739694,"featured_media":163934,"comment_status":"closed","ping_status":"closed","sticky":false,"template":"","format":"standard","meta":{"_jetpack_memberships_contains_paid_content":false,"footnotes":""},"categories":[35,1,54],"tags":[],"class_list":["post-140374","post","type-post","status-publish","format-standard","has-post-thumbnail","hentry","category-futbol","category-portada","category-torneo-regional-amateur"],"jetpack_featured_media_url":"https:\/\/i0.wp.com\/cdnoticias.com\/wp-content\/uploads\/2024\/12\/TRFA-Octavos-vuelta-Balonpie-vs-CEO-e1733055820414.png?fit=1074%2C682&ssl=1","jetpack_sharing_enabled":true,"_links":{"self":[{"href":"https:\/\/cdnoticias.com\/index.php\/wp-json\/wp\/v2\/posts\/140374","targetHints":{"allow":["GET"]}}],"collection":[{"href":"https:\/\/cdnoticias.com\/index.php\/wp-json\/wp\/v2\/posts"}],"about":[{"href":"https:\/\/cdnoticias.com\/index.php\/wp-json\/wp\/v2\/types\/post"}],"author":[{"embeddable":true,"href":"https:\/\/cdnoticias.com\/index.php\/wp-json\/wp\/v2\/users\/96739694"}],"replies":[{"embeddable":true,"href":"https:\/\/cdnoticias.com\/index.php\/wp-json\/wp\/v2\/comments?post=140374"}],"version-history":[{"count":0,"href":"https:\/\/cdnoticias.com\/index.php\/wp-json\/wp\/v2\/posts\/140374\/revisions"}],"wp:featuredmedia":[{"embeddable":true,"href":"https:\/\/cdnoticias.com\/index.php\/wp-json\/wp\/v2\/media\/163934"}],"wp:attachment":[{"href":"https:\/\/cdnoticias.com\/index.php\/wp-json\/wp\/v2\/media?parent=140374"}],"wp:term":[{"taxonomy":"category","embeddable":true,"href":"https:\/\/cdnoticias.com\/index.php\/wp-json\/wp\/v2\/categories?post=140374"},{"taxonomy":"post_tag","embeddable":true,"href":"https:\/\/cdnoticias.com\/index.php\/wp-json\/wp\/v2\/tags?post=140374"}],"curies":[{"name":"wp","href":"https:\/\/api.w.org\/{rel}","templated":true}]}}