{"id":14037,"date":"2021-02-18T09:25:19","date_gmt":"2021-02-18T12:25:19","guid":{"rendered":"http:\/\/www.centraldenoticias.com.ar\/?p=14037"},"modified":"2021-02-18T09:25:19","modified_gmt":"2021-02-18T12:25:19","slug":"el-circo-de-poesia-visitara-la-ciudad-de-azul","status":"publish","type":"post","link":"https:\/\/cdnoticias.com\/index.php\/2021\/02\/18\/el-circo-de-poesia-visitara-la-ciudad-de-azul\/","title":{"rendered":"El Circo de Poes\u00eda visitar\u00e1 la ciudad de Azul"},"content":{"rendered":"<p>Organizado por Ediciones Del Altillo, se realizar\u00e1 este s\u00e1bado desde las 20.30 en Casa Malharro. Ser\u00e1 con una \u201centrada libro\u201d y participar\u00e1n el escritor Guillermo Del Zotto y el m\u00fasico Abel Gorosito.<!--more--><\/p>\n<hr \/>\n<p>El s\u00e1bado 20 de febrero desde las 20.30 horas, <strong>el Circo de Poes\u00eda de Ediciones Del Altillo se mudar\u00e1 a Azul para desarrollar su primer espect\u00e1culo del a\u00f1o.<\/strong><\/p>\n<p>&nbsp;<\/p>\n<p>Ser\u00e1 en Casa Malharro, ubicado en San Mart\u00edn 821, <strong>con una \u201centrada libro\u201d y capacidad limitada entendiendo el contexto de pandemia.<\/strong><\/p>\n<p>&nbsp;<\/p>\n<blockquote><p>All\u00ed, se leer\u00e1n textos, poemas y habr\u00e1 m\u00fasica. El espect\u00e1culo tendr\u00e1 como protagonistas al escritor Guillermo Del Zotto y al m\u00fasico Abel Gorosito.<\/p><\/blockquote>\n<p>&nbsp;<\/p>\n<p><strong>En caso de reservas<\/strong>, podr\u00e1n comunicarse al (02281) 435789 hasta el viernes, siempre en horario de 8 a 14 horas.<\/p>\n<p>&nbsp;<\/p>\n<p>Con el acompa\u00f1amiento de la Municipalidad de Azul, <strong>habr\u00e1 transmisi\u00f3n en vivo en las redes sociales de Cultura de la vecina ciudad en \u201ccultura azul\u201d en Facebook y \u00a0 \/direcciondeculturaazul en Instagram.<\/strong><\/p>\n","protected":false},"excerpt":{"rendered":"<p>Organizado por Ediciones Del Altillo, se realizar\u00e1 este s\u00e1bado desde las 20.30 en Casa Malharro. Ser\u00e1 con una \u201centrada libro\u201d<\/p>\n","protected":false},"author":2,"featured_media":0,"comment_status":"closed","ping_status":"closed","sticky":false,"template":"","format":"standard","meta":{"_jetpack_memberships_contains_paid_content":false,"footnotes":""},"categories":[9,1],"tags":[],"class_list":["post-14037","post","type-post","status-publish","format-standard","hentry","category-cultura","category-portada"],"jetpack_featured_media_url":"","jetpack_sharing_enabled":true,"_links":{"self":[{"href":"https:\/\/cdnoticias.com\/index.php\/wp-json\/wp\/v2\/posts\/14037","targetHints":{"allow":["GET"]}}],"collection":[{"href":"https:\/\/cdnoticias.com\/index.php\/wp-json\/wp\/v2\/posts"}],"about":[{"href":"https:\/\/cdnoticias.com\/index.php\/wp-json\/wp\/v2\/types\/post"}],"author":[{"embeddable":true,"href":"https:\/\/cdnoticias.com\/index.php\/wp-json\/wp\/v2\/users\/2"}],"replies":[{"embeddable":true,"href":"https:\/\/cdnoticias.com\/index.php\/wp-json\/wp\/v2\/comments?post=14037"}],"version-history":[{"count":0,"href":"https:\/\/cdnoticias.com\/index.php\/wp-json\/wp\/v2\/posts\/14037\/revisions"}],"wp:attachment":[{"href":"https:\/\/cdnoticias.com\/index.php\/wp-json\/wp\/v2\/media?parent=14037"}],"wp:term":[{"taxonomy":"category","embeddable":true,"href":"https:\/\/cdnoticias.com\/index.php\/wp-json\/wp\/v2\/categories?post=14037"},{"taxonomy":"post_tag","embeddable":true,"href":"https:\/\/cdnoticias.com\/index.php\/wp-json\/wp\/v2\/tags?post=14037"}],"curies":[{"name":"wp","href":"https:\/\/api.w.org\/{rel}","templated":true}]}}