{"id":140364,"date":"2025-01-24T16:19:43","date_gmt":"2025-01-24T19:19:43","guid":{"rendered":"https:\/\/cdnoticias.com\/?p=140364"},"modified":"2025-01-24T17:21:00","modified_gmt":"2025-01-24T20:21:00","slug":"el-consumo-cerro-un-2024-con-una-baja-de-74","status":"publish","type":"post","link":"https:\/\/cdnoticias.com\/index.php\/2025\/01\/24\/el-consumo-cerro-un-2024-con-una-baja-de-74\/","title":{"rendered":"El consumo cerr\u00f3 un 2024 con una baja de 7,4%"},"content":{"rendered":"\n<p>A pesar de los descuentos de las diversas marcas, las promociones de los bancos y de una suba de ventas por las fiestas de fin de a\u00f1o, no se alcanz\u00f3 a recuperar el terreno perdido en t\u00e9rminos de demanda durante 2024.<\/p>\n\n\n\n<hr class=\"wp-block-separator aligncenter has-alpha-channel-opacity\"\/>\n\n\n\n<p>El <strong>consumo mostr\u00f3 en diciembre un signo de recuperaci\u00f3n: subi\u00f3 1,9% mensual, <\/strong>pero registr\u00f3 un<strong> retroceso de 3,4% respecto al mismo mes de 2023 <\/strong>y cerr\u00f3 el a\u00f1o pasado con una <strong>ca\u00edda acumulada de 7,4%,<\/strong> seg\u00fan el indicador de la C\u00e1mara Argentina de Comercio y Servicios (CAC).<\/p>\n\n\n\n<p><\/p>\n\n\n\n<blockquote class=\"wp-block-quote is-layout-flow wp-block-quote-is-layout-flow\">\n<p>A pesar de los descuentos de las diversas marcas, las promociones de los bancos y de una suba de ventas por las fiestas de fin de a\u00f1o, no se alcanz\u00f3 a recuperar el terreno perdido en t\u00e9rminos de demanda durante 2024.<\/p>\n<\/blockquote>\n\n\n\n<p><\/p>\n\n\n\n<p>De todos modos, desde la entidad aseguraron que la variaci\u00f3n interanual negativa fue significativamente menor a la de noviembre, <em>\u201creflejando una estabilizaci\u00f3n y un evidente posible cambio de tendencia, lo que se ve en una mejora considerable en los niveles de consumo de los hogares\u201d.<\/em><\/p>\n\n\n\n<p><\/p>\n\n\n\n<p>El rubro de <strong>indumentaria y calzado<\/strong> mostr\u00f3 en el \u00faltimo mes del a\u00f1o una <strong>ca\u00edda de 8,9% interanual,<\/strong> con una contribuci\u00f3n negativa del 0,9% al retroceso de 3,4% al indicador. La divisi\u00f3n contin\u00faa desacelerando la ca\u00edda que ven\u00eda experimentado en meses anteriores, mejorando su performance individual.<\/p>\n\n\n\n<p><\/p>\n\n\n\n<p>Por otro lado, el cap\u00edtulo de <strong>transporte y veh\u00edculos tuvo una baja del 1,1% interanual en diciembre<\/strong>. A pesar de un leve incremento interanual en los patentamientos de autom\u00f3viles, el uso de la nafta cay\u00f3 5% interanual y traccion\u00f3 el \u00edndice a la baja.<\/p>\n\n\n\n<p><\/p>\n\n\n\n<blockquote class=\"wp-block-quote is-layout-flow wp-block-quote-is-layout-flow\">\n<p>Recreaci\u00f3n y cultura registr\u00f3 en el \u00faltimo mes de 2024 un decrecimiento de 12,3% interanual. \u201cUn ingreso real que contin\u00faa en niveles bajos y un d\u00f3lar relativamente barato respecto al a\u00f1o pasado que incentiva los viajes al exterior ha explicado la ca\u00edda del rubro\u201d, explic\u00f3 la CAC.<\/p>\n<\/blockquote>\n\n\n\n<p><\/p>\n\n\n\n<p>En cuanto al apartado de<strong> vivienda, alquileres y servicios p\u00fablicos,<\/strong> se contrajo 1,6% en t\u00e9rminos interanuales debido a \u201cun diciembre relativamente fresco que disminuy\u00f3 la demanda el\u00e9ctrica y traccion\u00f3 el \u00edndice hacia abajo\u201d.<\/p>\n\n\n\n<p><\/p>\n\n\n\n<p>El resto de los rubros experimentaron una contracci\u00f3n estimada de 2% interanual en diciembre, posicion\u00e1ndose en niveles 1,2% por debajo de la prepandemia.&nbsp;<\/p>\n\n\n\n<p><\/p>\n\n\n\n<p><em>Fuente: DIB<\/em><\/p>\n","protected":false},"excerpt":{"rendered":"<p>A pesar de los descuentos de las diversas marcas, las promociones de los bancos y de una suba de ventas<\/p>\n","protected":false},"author":6,"featured_media":115413,"comment_status":"closed","ping_status":"closed","sticky":false,"template":"","format":"standard","meta":{"_jetpack_memberships_contains_paid_content":false,"footnotes":""},"categories":[6,1],"tags":[],"class_list":["post-140364","post","type-post","status-publish","format-standard","has-post-thumbnail","hentry","category-nacionales","category-portada"],"jetpack_featured_media_url":"https:\/\/i0.wp.com\/cdnoticias.com\/wp-content\/uploads\/2024\/05\/came-indumentariia.jpg?fit=696%2C392&ssl=1","jetpack_sharing_enabled":true,"_links":{"self":[{"href":"https:\/\/cdnoticias.com\/index.php\/wp-json\/wp\/v2\/posts\/140364","targetHints":{"allow":["GET"]}}],"collection":[{"href":"https:\/\/cdnoticias.com\/index.php\/wp-json\/wp\/v2\/posts"}],"about":[{"href":"https:\/\/cdnoticias.com\/index.php\/wp-json\/wp\/v2\/types\/post"}],"author":[{"embeddable":true,"href":"https:\/\/cdnoticias.com\/index.php\/wp-json\/wp\/v2\/users\/6"}],"replies":[{"embeddable":true,"href":"https:\/\/cdnoticias.com\/index.php\/wp-json\/wp\/v2\/comments?post=140364"}],"version-history":[{"count":0,"href":"https:\/\/cdnoticias.com\/index.php\/wp-json\/wp\/v2\/posts\/140364\/revisions"}],"wp:featuredmedia":[{"embeddable":true,"href":"https:\/\/cdnoticias.com\/index.php\/wp-json\/wp\/v2\/media\/115413"}],"wp:attachment":[{"href":"https:\/\/cdnoticias.com\/index.php\/wp-json\/wp\/v2\/media?parent=140364"}],"wp:term":[{"taxonomy":"category","embeddable":true,"href":"https:\/\/cdnoticias.com\/index.php\/wp-json\/wp\/v2\/categories?post=140364"},{"taxonomy":"post_tag","embeddable":true,"href":"https:\/\/cdnoticias.com\/index.php\/wp-json\/wp\/v2\/tags?post=140364"}],"curies":[{"name":"wp","href":"https:\/\/api.w.org\/{rel}","templated":true}]}}