{"id":140357,"date":"2025-01-23T17:40:20","date_gmt":"2025-01-23T20:40:20","guid":{"rendered":"https:\/\/cdnoticias.com\/?p=140357"},"modified":"2025-01-23T17:40:24","modified_gmt":"2025-01-23T20:40:24","slug":"bacheo-y-mantenimiento-en-distintos-puntos-de-la-ciudad","status":"publish","type":"post","link":"https:\/\/cdnoticias.com\/index.php\/2025\/01\/23\/bacheo-y-mantenimiento-en-distintos-puntos-de-la-ciudad\/","title":{"rendered":"Bacheo y mantenimiento en distintos puntos de la ciudad"},"content":{"rendered":"\n<p>Durante esta semana se trabaj\u00f3 en los barrios Villa Aurora y Los Sauces. Adem\u00e1s, se llev\u00f3 a cabo el reacondicionamiento de los refugios para usuarios del transporte p\u00fablico que se encuentran en las cercan\u00edas de la Escuela Agropecuaria.<\/p>\n\n\n\n<hr class=\"wp-block-separator aligncenter has-alpha-channel-opacity\"\/>\n\n\n\n<p>Este mi\u00e9rcoles, se llevaron a cabo <strong>distintos trabajos de bacheo y mantenimiento de refugios y canales<\/strong> en los <strong>barrios Villa Aurora y Los Sauces.<\/strong><\/p>\n\n\n\n<p><\/p>\n\n\n\n<p>Se trat\u00f3, por un lado, de un dispositivo de abordaje integral en torno a la <strong>rotonda de avenida Del Valle y avenida Eva Per\u00f3n (Ex Circunvalaci\u00f3n)<\/strong>.\u00a0 All\u00ed en primer t\u00e9rmino se realizaron <strong>trabajos de limpieza y barrido <\/strong>que incluyeron el levantamiento de material residual producto del tr\u00e1nsito, como as\u00ed tambi\u00e9n de vegetaci\u00f3n, tanto sobre dicha rotonda como en los divisores y accesos.<\/p>\n\n\n\n<p><\/p>\n\n\n\n<p>Posteriormente, se llevaron a cabo <strong>trabajos de bacheos que se prolongaron, por avenida Eva Per\u00f3n,<\/strong> hasta el cruce con el <strong>cruce de v\u00edas sobre calle San Mart\u00edn<\/strong>. En la jornada de este jueves las tareas se replicar\u00e1n pero en sentido <strong>hacia avenida Avellaneda,<\/strong> siempre sobre Circunvalaci\u00f3n.<\/p>\n\n\n\n<p><\/p>\n\n\n\n<blockquote class=\"wp-block-quote is-layout-flow wp-block-quote-is-layout-flow\">\n<p>En este sentido, se solicita a los conductores que tengan que circular por el sector, que aminoren la velocidad y de esa manera evitar el registro de cualquier siniestro.<\/p>\n<\/blockquote>\n\n\n\n<p><\/p>\n\n\n\n<figure class=\"wp-block-image aligncenter size-full\"><img data-recalc-dims=\"1\" loading=\"lazy\" decoding=\"async\" width=\"800\" height=\"489\" src=\"https:\/\/i0.wp.com\/cdnoticias.com\/wp-content\/uploads\/2025\/01\/obras-barrio-los-sauces-villa-aurora2.png?resize=800%2C489&#038;ssl=1\" alt=\"\" class=\"wp-image-140359\" srcset=\"https:\/\/i0.wp.com\/cdnoticias.com\/wp-content\/uploads\/2025\/01\/obras-barrio-los-sauces-villa-aurora2.png?w=881&amp;ssl=1 881w, https:\/\/i0.wp.com\/cdnoticias.com\/wp-content\/uploads\/2025\/01\/obras-barrio-los-sauces-villa-aurora2.png?resize=300%2C183&amp;ssl=1 300w, https:\/\/i0.wp.com\/cdnoticias.com\/wp-content\/uploads\/2025\/01\/obras-barrio-los-sauces-villa-aurora2.png?resize=768%2C469&amp;ssl=1 768w\" sizes=\"auto, (max-width: 800px) 100vw, 800px\" \/><\/figure>\n\n\n\n<p><\/p>\n\n\n\n<p>Por otra parte, en el <strong>barrio Los Sauces<\/strong>, sobre Las Heras entre las calles 213 y 233 se desarrollaron<strong> trabajos hidr\u00e1ulicos con la ampliaci\u00f3n del canal y recambio de alcantarillas de hormig\u00f3n.\u00a0<\/strong><\/p>\n\n\n\n<p><\/p>\n\n\n\n<p>Esta obra permite dar respuesta a un problema de a\u00f1os, originado a partir de la <strong>ca\u00edda del agua proveniente de Loma Negra<\/strong>, que generaba inconvenientes en la zona.<\/p>\n\n\n\n<p><\/p>\n\n\n\n<p>Por \u00faltimo, se llev\u00f3 a cabo el <strong>reacondicionamiento de los refugios para usuarios del transporte p\u00fablico que se encuentran en las cercan\u00edas de la Escuela Agropecuaria <\/strong>con labores tanto de mantenimiento como de limpieza y pintura.<\/p>\n\n\n\n<p><\/p>\n\n\n\n<figure class=\"wp-block-image aligncenter size-full\"><img data-recalc-dims=\"1\" loading=\"lazy\" decoding=\"async\" width=\"800\" height=\"450\" src=\"https:\/\/i0.wp.com\/cdnoticias.com\/wp-content\/uploads\/2025\/01\/obras-barrio-los-sauces-villa-aurora1.png?resize=800%2C450&#038;ssl=1\" alt=\"\" class=\"wp-image-140360\" srcset=\"https:\/\/i0.wp.com\/cdnoticias.com\/wp-content\/uploads\/2025\/01\/obras-barrio-los-sauces-villa-aurora1.png?w=891&amp;ssl=1 891w, https:\/\/i0.wp.com\/cdnoticias.com\/wp-content\/uploads\/2025\/01\/obras-barrio-los-sauces-villa-aurora1.png?resize=300%2C169&amp;ssl=1 300w, https:\/\/i0.wp.com\/cdnoticias.com\/wp-content\/uploads\/2025\/01\/obras-barrio-los-sauces-villa-aurora1.png?resize=768%2C432&amp;ssl=1 768w\" sizes=\"auto, (max-width: 800px) 100vw, 800px\" \/><\/figure>\n\n\n\n<p><\/p>\n","protected":false},"excerpt":{"rendered":"<p>Durante esta semana se trabaj\u00f3 en los barrios Villa Aurora y Los Sauces. Adem\u00e1s, se llev\u00f3 a cabo el reacondicionamiento<\/p>\n","protected":false},"author":6,"featured_media":140361,"comment_status":"closed","ping_status":"closed","sticky":false,"template":"","format":"standard","meta":{"_jetpack_memberships_contains_paid_content":false,"footnotes":""},"categories":[5,1],"tags":[],"class_list":["post-140357","post","type-post","status-publish","format-standard","has-post-thumbnail","hentry","category-informacion-general","category-portada"],"jetpack_featured_media_url":"https:\/\/i0.wp.com\/cdnoticias.com\/wp-content\/uploads\/2025\/01\/obras-barrio-los-sauces-villa-aurora.png?fit=890%2C530&ssl=1","jetpack_sharing_enabled":true,"_links":{"self":[{"href":"https:\/\/cdnoticias.com\/index.php\/wp-json\/wp\/v2\/posts\/140357","targetHints":{"allow":["GET"]}}],"collection":[{"href":"https:\/\/cdnoticias.com\/index.php\/wp-json\/wp\/v2\/posts"}],"about":[{"href":"https:\/\/cdnoticias.com\/index.php\/wp-json\/wp\/v2\/types\/post"}],"author":[{"embeddable":true,"href":"https:\/\/cdnoticias.com\/index.php\/wp-json\/wp\/v2\/users\/6"}],"replies":[{"embeddable":true,"href":"https:\/\/cdnoticias.com\/index.php\/wp-json\/wp\/v2\/comments?post=140357"}],"version-history":[{"count":0,"href":"https:\/\/cdnoticias.com\/index.php\/wp-json\/wp\/v2\/posts\/140357\/revisions"}],"wp:featuredmedia":[{"embeddable":true,"href":"https:\/\/cdnoticias.com\/index.php\/wp-json\/wp\/v2\/media\/140361"}],"wp:attachment":[{"href":"https:\/\/cdnoticias.com\/index.php\/wp-json\/wp\/v2\/media?parent=140357"}],"wp:term":[{"taxonomy":"category","embeddable":true,"href":"https:\/\/cdnoticias.com\/index.php\/wp-json\/wp\/v2\/categories?post=140357"},{"taxonomy":"post_tag","embeddable":true,"href":"https:\/\/cdnoticias.com\/index.php\/wp-json\/wp\/v2\/tags?post=140357"}],"curies":[{"name":"wp","href":"https:\/\/api.w.org\/{rel}","templated":true}]}}