{"id":140348,"date":"2025-01-23T15:58:43","date_gmt":"2025-01-23T18:58:43","guid":{"rendered":"https:\/\/cdnoticias.com\/?p=140348"},"modified":"2025-01-23T19:53:20","modified_gmt":"2025-01-23T22:53:20","slug":"liga-profesional-argentina-arranca-el-torneo-para-nueve-olavarrienses","status":"publish","type":"post","link":"https:\/\/cdnoticias.com\/index.php\/2025\/01\/23\/liga-profesional-argentina-arranca-el-torneo-para-nueve-olavarrienses\/","title":{"rendered":"Liga Profesional Argentina: arranca el torneo para nueve olavarrienses"},"content":{"rendered":"\n<p>En una nueva liga de Primera Divisi\u00f3n del f\u00fatbol argentino habr\u00e1 representantes locales en 7 equipos, 3 de ellos de los considerados \u201cgrandes\u201d. Hoy juegan Riestra, Independiente Rivadavia de Mendoza y Godoy Cruz.<\/p>\n\n\n\n<hr class=\"wp-block-separator aligncenter has-alpha-channel-opacity\"\/>\n\n\n\n<p>Este jueves comienza la ilusi\u00f3n de 30 equipos en la Liga Profesional Argentina,<strong> en un torneo que tendr\u00e1 dos zonas y a nueve olavarrienses integrando los planteles de siete equipos del f\u00fatbol de la m\u00e1xima categor\u00eda de nuestro pa\u00eds.<\/strong><\/p>\n\n\n\n<p>Las novedades en este mercado de pases mostraron<strong> la llegada a Primera de Juan Ignacio Barbieri (Independiente Rivadavia de Mendoza) y Braian Guille (Deportivo Riestra) que se sumaron tras su paso por Deportivo Armenio y Col\u00f3n de Santa Fe, respectivamente. Lucio Falasco volvi\u00f3 de su pr\u00e9stamo de Godoy Cruz a Aldosivi, <\/strong>en una decisi\u00f3n que gener\u00f3 enojo en los hinchas del Tomba que se ilusionaron con las actuaciones del olavarriense en el Torneo de Proyecci\u00f3n.<\/p>\n\n\n\n<figure class=\"wp-block-image size-full\"><img data-recalc-dims=\"1\" loading=\"lazy\" decoding=\"async\" width=\"800\" height=\"533\" src=\"https:\/\/i0.wp.com\/cdnoticias.com\/wp-content\/uploads\/2025\/01\/janson-gol.jpeg?resize=800%2C533&#038;ssl=1\" alt=\"\" class=\"wp-image-140324\" srcset=\"https:\/\/i0.wp.com\/cdnoticias.com\/wp-content\/uploads\/2025\/01\/janson-gol.jpeg?w=865&amp;ssl=1 865w, https:\/\/i0.wp.com\/cdnoticias.com\/wp-content\/uploads\/2025\/01\/janson-gol.jpeg?resize=300%2C200&amp;ssl=1 300w, https:\/\/i0.wp.com\/cdnoticias.com\/wp-content\/uploads\/2025\/01\/janson-gol.jpeg?resize=768%2C511&amp;ssl=1 768w, https:\/\/i0.wp.com\/cdnoticias.com\/wp-content\/uploads\/2025\/01\/janson-gol.jpeg?resize=272%2C182&amp;ssl=1 272w\" sizes=\"auto, (max-width: 800px) 100vw, 800px\" \/><\/figure>\n\n\n\n<p>Adem\u00e1s, <strong>los olavarrienses que integran equipos son Mauricio Cardillo (Independiente Rivadavia de Mendoza), Lucas Janson (Boca), Mateo Mend\u00eda (Boca), Braian Salvareschi (Godoy Cruz), Mateo Clemente (San Lorenzo) y Santiago Salle (Independiente).<\/strong><\/p>\n\n\n\n<figure class=\"wp-block-image size-full\"><img data-recalc-dims=\"1\" loading=\"lazy\" decoding=\"async\" width=\"800\" height=\"533\" src=\"https:\/\/i0.wp.com\/cdnoticias.com\/wp-content\/uploads\/2025\/01\/santiago-salle.jpg?resize=800%2C533&#038;ssl=1\" alt=\"\" class=\"wp-image-140349\" srcset=\"https:\/\/i0.wp.com\/cdnoticias.com\/wp-content\/uploads\/2025\/01\/santiago-salle.jpg?w=864&amp;ssl=1 864w, https:\/\/i0.wp.com\/cdnoticias.com\/wp-content\/uploads\/2025\/01\/santiago-salle.jpg?resize=300%2C200&amp;ssl=1 300w, https:\/\/i0.wp.com\/cdnoticias.com\/wp-content\/uploads\/2025\/01\/santiago-salle.jpg?resize=768%2C512&amp;ssl=1 768w, https:\/\/i0.wp.com\/cdnoticias.com\/wp-content\/uploads\/2025\/01\/santiago-salle.jpg?resize=272%2C182&amp;ssl=1 272w\" sizes=\"auto, (max-width: 800px) 100vw, 800px\" \/><\/figure>\n\n\n\n<p>Este jueves, <strong>ser\u00e1 el inicio del torneo para Godoy Cruz<\/strong> que enfrentar\u00e1 a Rosario Central, para <strong>Deportivo Riestra<\/strong> que ser\u00e1 visitante de Lan\u00fas, y para<strong> Independiente Rivadavia de Mendoza<\/strong> que viajar\u00e1 a Rosario para enfrentar a Newell\u2019s.<\/p>\n\n\n\n<p><\/p>\n","protected":false},"excerpt":{"rendered":"<p>En una nueva liga de Primera Divisi\u00f3n del f\u00fatbol argentino habr\u00e1 representantes locales en 7 equipos, 3 de ellos de<\/p>\n","protected":false},"author":96739695,"featured_media":134676,"comment_status":"closed","ping_status":"closed","sticky":false,"template":"","format":"standard","meta":{"_jetpack_memberships_contains_paid_content":false,"footnotes":""},"categories":[37,1],"tags":[],"class_list":["post-140348","post","type-post","status-publish","format-standard","has-post-thumbnail","hentry","category-futbol-profesional","category-portada"],"jetpack_featured_media_url":"https:\/\/i0.wp.com\/cdnoticias.com\/wp-content\/uploads\/2025\/01\/WhatsApp-Image-2025-01-16-at-12.12.11-1.jpeg?fit=1220%2C804&ssl=1","jetpack_sharing_enabled":true,"_links":{"self":[{"href":"https:\/\/cdnoticias.com\/index.php\/wp-json\/wp\/v2\/posts\/140348","targetHints":{"allow":["GET"]}}],"collection":[{"href":"https:\/\/cdnoticias.com\/index.php\/wp-json\/wp\/v2\/posts"}],"about":[{"href":"https:\/\/cdnoticias.com\/index.php\/wp-json\/wp\/v2\/types\/post"}],"author":[{"embeddable":true,"href":"https:\/\/cdnoticias.com\/index.php\/wp-json\/wp\/v2\/users\/96739695"}],"replies":[{"embeddable":true,"href":"https:\/\/cdnoticias.com\/index.php\/wp-json\/wp\/v2\/comments?post=140348"}],"version-history":[{"count":0,"href":"https:\/\/cdnoticias.com\/index.php\/wp-json\/wp\/v2\/posts\/140348\/revisions"}],"wp:featuredmedia":[{"embeddable":true,"href":"https:\/\/cdnoticias.com\/index.php\/wp-json\/wp\/v2\/media\/134676"}],"wp:attachment":[{"href":"https:\/\/cdnoticias.com\/index.php\/wp-json\/wp\/v2\/media?parent=140348"}],"wp:term":[{"taxonomy":"category","embeddable":true,"href":"https:\/\/cdnoticias.com\/index.php\/wp-json\/wp\/v2\/categories?post=140348"},{"taxonomy":"post_tag","embeddable":true,"href":"https:\/\/cdnoticias.com\/index.php\/wp-json\/wp\/v2\/tags?post=140348"}],"curies":[{"name":"wp","href":"https:\/\/api.w.org\/{rel}","templated":true}]}}