{"id":14034,"date":"2021-02-18T08:48:17","date_gmt":"2021-02-18T11:48:17","guid":{"rendered":"http:\/\/www.centraldenoticias.com.ar\/?p=14034"},"modified":"2021-02-18T10:19:17","modified_gmt":"2021-02-18T13:19:17","slug":"mujeres-y-disidencias-del-frente-de-todos-debatieron-sobre-la-reforma-judicial","status":"publish","type":"post","link":"https:\/\/cdnoticias.com\/index.php\/2021\/02\/18\/mujeres-y-disidencias-del-frente-de-todos-debatieron-sobre-la-reforma-judicial\/","title":{"rendered":"Mujeres y disidencias del Frente de Todos debatieron sobre la reforma judicial"},"content":{"rendered":"<p>Fue este \u00faltimo mi\u00e9rcoles por la tarde, en la sede de Casa Popular Valeria. Esta reforma \u201cdebe ser feminista y con perspectiva de derechos\u201d.<!--more--><\/p>\n<hr \/>\n<p>En la tarde del \u00faltimo mi\u00e9rcoles, y ante los \u00faltimos femicidios en nuestro pa\u00eds, <strong>Mujeres y Disidencias del Frente de Todxs se reunieron para \u201creflexionar\u201d sobre las limitaciones<em> \u201ccon las que nos encontramos a la hora de denunciar la violencia de g\u00e9nero\u201d.<\/em><\/strong><\/p>\n<p>&nbsp;<\/p>\n<p>Mediante un comunicado emitido en la noche del mi\u00e9rcoles, se\u00f1alaron que<em> \u201csostenemos la importancia de una reforma judicial, que necesariamente debe ser feminista y con perspectiva de derechos\u201d.<\/em><\/p>\n<p>&nbsp;<\/p>\n<blockquote><p>\u201cApuntamos a la creaci\u00f3n de mecanismos que permitan un abordaje integral de las violencias; lo que implica una real articulaci\u00f3n entre quienes reciben en primera instancia estas situaciones y quienes tienen el deber de garantizarnos una soluci\u00f3n, ya que es una de las principales dificultades con la que nos encontramos\u201d.<\/p><\/blockquote>\n<p>&nbsp;<\/p>\n<p>En el encuentro, comenzaron a <strong>generar una agenda de trabajo en com\u00fan de las agrupaciones del frente<\/strong> <em>\u201cque tiene como eje seguir sosteniendo nuestra militancia en el territorio y en la calle con las compa\u00f1eras, en los \u00e1mbitos de toma de decisiones como el Concejo Deliberante y las secretar\u00edas de los Ministerios con el objetivo de seguir fortaleciendo las redes de cuidado y acompa\u00f1amiento que hemos creado\u201d.<\/em><\/p>\n<p>&nbsp;<\/p>\n<p>Para cerrar, se\u00f1alaron que en Olavarr\u00eda <em>\u201ccomo espacio pol\u00edtico tenemos un rol activo en la b\u00fasqueda de justicia, igualdad y de la eliminaci\u00f3n de todo tipo de violencia hacia las mujeres y disidencias, por eso creemos en la diversidad de voces que componen este frente y en la construcci\u00f3n colectiva de estrategias que nos garanticen una mejor calidad de vida\u201d.<\/em><\/p>\n<p>&nbsp;<\/p>\n<p>El comunicado por \u00darsula y los 46 femicidios y travesticidios ocurridos en 2021 en Argentian fue firmado por Nueva Mayor\u00eda; Mujeres Evita; La C\u00e1mpora; Foro Olavarr\u00eda; Sec. de G\u00e9nero Suteba CTA; Nuestra Am\u00e9rica MP; Movimiento Mayo; Lealtad Corriente Militante; Proyecto Peronista; La Corriente de la Militancia; Suter; CECO; Sadop y Smata.<\/p>\n","protected":false},"excerpt":{"rendered":"<p>Fue este \u00faltimo mi\u00e9rcoles por la tarde, en la sede de Casa Popular Valeria. Esta reforma \u201cdebe ser feminista y<\/p>\n","protected":false},"author":2,"featured_media":14035,"comment_status":"closed","ping_status":"closed","sticky":false,"template":"","format":"standard","meta":{"_jetpack_memberships_contains_paid_content":false,"footnotes":""},"categories":[3,1],"tags":[],"class_list":["post-14034","post","type-post","status-publish","format-standard","has-post-thumbnail","hentry","category-genero","category-portada"],"jetpack_featured_media_url":"https:\/\/i0.wp.com\/cdnoticias.com\/wp-content\/uploads\/2021\/02\/WhatsApp-Image-2021-02-17-at-22.10.12.jpeg?fit=1032%2C774&ssl=1","jetpack_sharing_enabled":true,"_links":{"self":[{"href":"https:\/\/cdnoticias.com\/index.php\/wp-json\/wp\/v2\/posts\/14034","targetHints":{"allow":["GET"]}}],"collection":[{"href":"https:\/\/cdnoticias.com\/index.php\/wp-json\/wp\/v2\/posts"}],"about":[{"href":"https:\/\/cdnoticias.com\/index.php\/wp-json\/wp\/v2\/types\/post"}],"author":[{"embeddable":true,"href":"https:\/\/cdnoticias.com\/index.php\/wp-json\/wp\/v2\/users\/2"}],"replies":[{"embeddable":true,"href":"https:\/\/cdnoticias.com\/index.php\/wp-json\/wp\/v2\/comments?post=14034"}],"version-history":[{"count":0,"href":"https:\/\/cdnoticias.com\/index.php\/wp-json\/wp\/v2\/posts\/14034\/revisions"}],"wp:featuredmedia":[{"embeddable":true,"href":"https:\/\/cdnoticias.com\/index.php\/wp-json\/wp\/v2\/media\/14035"}],"wp:attachment":[{"href":"https:\/\/cdnoticias.com\/index.php\/wp-json\/wp\/v2\/media?parent=14034"}],"wp:term":[{"taxonomy":"category","embeddable":true,"href":"https:\/\/cdnoticias.com\/index.php\/wp-json\/wp\/v2\/categories?post=14034"},{"taxonomy":"post_tag","embeddable":true,"href":"https:\/\/cdnoticias.com\/index.php\/wp-json\/wp\/v2\/tags?post=14034"}],"curies":[{"name":"wp","href":"https:\/\/api.w.org\/{rel}","templated":true}]}}