{"id":140333,"date":"2025-01-23T14:47:18","date_gmt":"2025-01-23T17:47:18","guid":{"rendered":"https:\/\/cdnoticias.com\/?p=140333"},"modified":"2025-01-23T18:14:49","modified_gmt":"2025-01-23T21:14:49","slug":"apeba-y-el-acuerdo-con-cammesa-no-sabemos-como-vamos-a-hacer-para-cumplir-con-esa-deuda","status":"publish","type":"post","link":"https:\/\/cdnoticias.com\/index.php\/2025\/01\/23\/apeba-y-el-acuerdo-con-cammesa-no-sabemos-como-vamos-a-hacer-para-cumplir-con-esa-deuda\/","title":{"rendered":"APEBA y el acuerdo con CAMMESA: \u201cno sabemos c\u00f3mo vamos a hacer para cumplir con esa deuda\u201d"},"content":{"rendered":"<p>Lo dijo el presidente de la Federaci\u00f3n, Oreste Binetti, quien defini\u00f3 \u201choy la situaci\u00f3n de las cooperativas es muy grave\u201d. Impacto en las condiciones de servicio. Una salida pol\u00edtica.<!--more--><\/p>\n<hr \/>\n<p>Este jueves<strong> se reuni\u00f3 la Federaci\u00f3n de Cooperativas de Prestadores El\u00e9ctricos de la Provincia de Buenos Aires (APEBA) en Olavarr\u00eda<\/strong>. Los representantes de las principales cooperativas distribuidoras de electricidad en territorio bonaerenses estuvieron en la sede del Club Pueblo Nuevo donde se desarroll\u00f3 la reuni\u00f3n que encabez\u00f3 el<strong> presidente de la entidad, Oreste Binetti<\/strong>, quien adem\u00e1s es presidente de la Cooperativa El\u00e9ctrica de Luj\u00e1n.<\/p>\n<p>\u00a0<\/p>\n<p>Fue <strong>recibido en Olavarr\u00eda<\/strong> por el <strong>presidente de Coopelectric, Alberto Miotti, quien es tesorero de la Federaci\u00f3n APEBA.<\/strong><\/p>\n<p>\u00a0<\/p>\n<p>Brindaron una<strong> conferencia de prensa<\/strong> junto a otros miembros de APEBA:<em> Juan Simunovich, gerente de la Cooperativa El\u00e9ctrica de Salto; Luis \u00c1lvarez, asesor t\u00e9cnico de la Federaci\u00f3n APEBA; Oscar Trotta, presidente de la Cooperativa El\u00e9ctrica de Salto y secretario de la Federaci\u00f3n APEBA; y Walter Valle, gerente de la Usina Popular y Municipal de Tandil.<\/em><\/p>\n<p>\u00a0<\/p>\n<p>Los dirigentes expusieron sobre diversos temas, especialmente se centraron en la<strong> actualidad financiera de las cooperativas y el pr\u00f3ximo convenio que firmar\u00e1n para afrontar las deudas con la empresa mayorista de electricidad, CAMMESA<\/strong>, para lo que se adelant\u00f3 que <strong>no tienen los fondos<\/strong>.<em> \u201cFue el sistema en la provincia de Buenos Aires y eso nos hace sufrir esta crisis\u201d defini\u00f3 Alberto Miotti<\/em> en referencia al alcance de la problem\u00e1tica.<\/p>\n<p>\u00a0<\/p>\n<p><img data-recalc-dims=\"1\" loading=\"lazy\" decoding=\"async\" class=\"size-full wp-image-140336 aligncenter\" src=\"https:\/\/i0.wp.com\/cdnoticias.com\/wp-content\/uploads\/2025\/01\/apeba-02-oreste-binetti.jpg?resize=800%2C445&#038;ssl=1\" alt=\"\" width=\"800\" height=\"445\" srcset=\"https:\/\/i0.wp.com\/cdnoticias.com\/wp-content\/uploads\/2025\/01\/apeba-02-oreste-binetti.jpg?w=1000&amp;ssl=1 1000w, https:\/\/i0.wp.com\/cdnoticias.com\/wp-content\/uploads\/2025\/01\/apeba-02-oreste-binetti.jpg?resize=300%2C167&amp;ssl=1 300w, https:\/\/i0.wp.com\/cdnoticias.com\/wp-content\/uploads\/2025\/01\/apeba-02-oreste-binetti.jpg?resize=768%2C427&amp;ssl=1 768w, https:\/\/i0.wp.com\/cdnoticias.com\/wp-content\/uploads\/2025\/01\/apeba-02-oreste-binetti.jpg?resize=800%2C445&amp;ssl=1 800w\" sizes=\"auto, (max-width: 800px) 100vw, 800px\" \/><\/p>\n<p>\u00a0<\/p>\n<blockquote>\n<p>\u201cHoy la situaci\u00f3n de las cooperativas es muy grave, yo lo considero muy grave\u201d defini\u00f3 Binetti sobre el estado financiero. \u201cHasta cuando comenz\u00f3 la pandemia, alguna cooperativa pod\u00eda tener problemas de pago a nuestro proveedor, CAMMESA, un mes o atrasarse 15 d\u00edas o lo que fuese. Pero nunca hemos tenido los problemas que tenemos hoy con CAMMESA, que es nuestra proveedora de energ\u00eda. Desde hace cuatro a\u00f1os en adelante, la recaudaci\u00f3n por falta de tarifas -que entendemos nosotros porque no adhiri\u00f3 la Provincia de Buenos Aires a las tarifas nacionales- y l\u00f3gicamente nos encontramos en un estado muy grave todas las cooperativas y principalmente las cooperativas de APEBA, porque l\u00f3gicamente hablamos de cooperativas de m\u00e1s de 5.000 asociados\u201d ampli\u00f3.<\/p>\n<\/blockquote>\n<p>\u00a0<\/p>\n<p>M\u00e1s adelante,<strong> Walter Valle<\/strong> se\u00f1al\u00f3 como punto de inicio de las dificultades financieras de las cooperativas \u201cfinales del 2019\u201d y ampli\u00f3 el alcance m\u00e1s all\u00e1 de las cooperativas, <em>\u201clos distribuidores provinciales de sociedad an\u00f3nima tambi\u00e9n tienen la misma problem\u00e1tica, como Edenor y Edesur\u201d<\/em> dijo.<\/p>\n<p>\u00a0<\/p>\n<p>El presidente de APEBA sostuvo que \u201choy con los aumentos que hubo de energ\u00eda, algunas (cooperativas) podemos llegar a estar pagando el 100 por 100 de la factura, pero l\u00f3gicamente<strong> tenemos una deuda que tenemos que firmar en estos d\u00edas, muy importante cada cooperativa con CAMMESA, que no sabemos c\u00f3mo vamos a hacer para cumplir con esa deuda\u201d<\/strong>.<\/p>\n<p>\u00a0<\/p>\n<p><img data-recalc-dims=\"1\" loading=\"lazy\" decoding=\"async\" class=\"size-full wp-image-140335 aligncenter\" src=\"https:\/\/i0.wp.com\/cdnoticias.com\/wp-content\/uploads\/2025\/01\/apeba-01.jpg?resize=800%2C445&#038;ssl=1\" alt=\"\" width=\"800\" height=\"445\" srcset=\"https:\/\/i0.wp.com\/cdnoticias.com\/wp-content\/uploads\/2025\/01\/apeba-01.jpg?w=1000&amp;ssl=1 1000w, https:\/\/i0.wp.com\/cdnoticias.com\/wp-content\/uploads\/2025\/01\/apeba-01.jpg?resize=300%2C167&amp;ssl=1 300w, https:\/\/i0.wp.com\/cdnoticias.com\/wp-content\/uploads\/2025\/01\/apeba-01.jpg?resize=768%2C427&amp;ssl=1 768w, https:\/\/i0.wp.com\/cdnoticias.com\/wp-content\/uploads\/2025\/01\/apeba-01.jpg?resize=800%2C445&amp;ssl=1 800w\" sizes=\"auto, (max-width: 800px) 100vw, 800px\" \/><\/p>\n<p>\u00a0<\/p>\n<blockquote>\n<p>\u00bfCu\u00e1les son las condiciones de acuerdo con CAMMESA? \u201cTodav\u00eda no est\u00e1 reglamentado, digamos oficializado. Eso va por un decreto, el decreto todav\u00eda no sali\u00f3, pero s\u00ed sabemos que va a ser con un a\u00f1o de gracia y 72 cuotas con un inter\u00e9s del 50% que cobran ellos\u201d respondi\u00f3 Binetti.<\/p>\n<\/blockquote>\n<p>\u00a0<\/p>\n<p>A modo de ejemplo expuso la situaci\u00f3n de la cooperativa que preside en Luj\u00e1n: \u201cnosotros en este momento estamos pagando 2.200 a 2.300 millones de pesos de la provisi\u00f3n de energ\u00eda mensualmente.<strong> Tendr\u00edamos que pagar en el plan ese m\u00e1s o menos el 20% de esos 2.000 millones que estamos debiendo.<\/strong> O sea, 400 millones de pesos m\u00e1s. <strong>Hoy no estamos en condiciones para poder hacerlo\u201d<\/strong> dijo.<\/p>\n<p>\u00a0<\/p>\n<p>\u201cYo opino que <strong>las cooperativas corremos peligro de desaparecer en este momento. Algunas<\/strong>. Pero esa es una opini\u00f3n muy, muy personal y por los a\u00f1os que yo llevo en el cooperativismo. Pero es muy complicado y l\u00f3gicamente la deuda hay que pagarla. Entonces <strong>nosotros lo que necesitar\u00edamos es un plan mucho m\u00e1s amplio y accesible<\/strong>\u201d a\u00f1adi\u00f3.<\/p>\n<p>\u00a0<\/p>\n<h3>Impacto en las condiciones del servicio<\/h3>\n<p>\u00a0<\/p>\n<p>Al momento de exponer sobre las consecuencias de la situaci\u00f3n financiera de las cooperativas de distribuci\u00f3n de electricidad, Binetti remarc\u00f3 que <strong>\u201chay un deterioro en el mantenimiento del servicio<\/strong>, l\u00f3gicamente. <strong>Todas las cooperativas hemos bajado en excelencia<\/strong> por el nivel de inversi\u00f3n, pero inversiones se tienen que seguir haciendo\u201d.<\/p>\n<p>\u00a0<\/p>\n<p><img data-recalc-dims=\"1\" loading=\"lazy\" decoding=\"async\" class=\"size-full wp-image-140337 aligncenter\" src=\"https:\/\/i0.wp.com\/cdnoticias.com\/wp-content\/uploads\/2025\/01\/apeba-03-walter-valle.jpg?resize=800%2C445&#038;ssl=1\" alt=\"\" width=\"800\" height=\"445\" srcset=\"https:\/\/i0.wp.com\/cdnoticias.com\/wp-content\/uploads\/2025\/01\/apeba-03-walter-valle.jpg?w=1000&amp;ssl=1 1000w, https:\/\/i0.wp.com\/cdnoticias.com\/wp-content\/uploads\/2025\/01\/apeba-03-walter-valle.jpg?resize=300%2C167&amp;ssl=1 300w, https:\/\/i0.wp.com\/cdnoticias.com\/wp-content\/uploads\/2025\/01\/apeba-03-walter-valle.jpg?resize=768%2C427&amp;ssl=1 768w, https:\/\/i0.wp.com\/cdnoticias.com\/wp-content\/uploads\/2025\/01\/apeba-03-walter-valle.jpg?resize=800%2C445&amp;ssl=1 800w\" sizes=\"auto, (max-width: 800px) 100vw, 800px\" \/><\/p>\n<p>\u00a0<\/p>\n<p><strong>Walter Valle<\/strong> expres\u00f3 a continuaci\u00f3n -y en referencia a la prestadora de Tandil- que \u201ctuvimos que tomar decisiones. B\u00e1sicamente la decisi\u00f3n fue, en nuestro caso, <strong>tener la deuda con el proveedor de la energ\u00eda. Hacer los mantenimientos indispensables, cumplir con los sueldos, las cargas comerciales, el resto de los proveedores. Pero bueno, el dinero no alcanzaba para todo<\/strong>. De ah\u00ed, esa decisi\u00f3n fue, b\u00e1sicamente, tener la deuda con el proveedor de la energ\u00eda. Lo que estamos intentando ahora es ver si de alguna forma podemos solucionarlo\u201d.<\/p>\n<p>\u00a0<\/p>\n<blockquote>\n<p>En ese sentido, Alberto Miotti resumi\u00f3 sobre la situaci\u00f3n de Coopelectric: \u201co pagamos los sueldos, y pagamos el funcionamiento de la cooperativa, o le pagamos a CAMMESA. Hemos optado no perjudicar la prestaci\u00f3n del servicio, con todas las restricciones, asumiendo un riesgo personal e institucional, porque podr\u00edamos terminar en una situaci\u00f3n personal bastante complicada. Pero la situaci\u00f3n fue defender la prestaci\u00f3n del servicio con la mejor calidad posible. Lo que se hace son inversiones en mantenimiento, no podemos planificar una nueva l\u00ednea\u201d.<\/p>\n<\/blockquote>\n<p>\u00a0<\/p>\n<p><strong>\u201cOlavarr\u00eda se destac\u00f3 siempre por tener una oferta de potencia disponible para la radicaci\u00f3n de empresas.<\/strong> Y eso es lo que, despu\u00e9s de que pasaron 15 o 20 a\u00f1os, y se radicaron o no, 10 o 12 empresas, genera el perfil de la ciudad, del Partido de Olavarr\u00eda, que es un partido donde las radicaciones han tenido mucha notoriedad\u201d indic\u00f3.<\/p>\n<p>\u00a0<\/p>\n<p><img data-recalc-dims=\"1\" loading=\"lazy\" decoding=\"async\" class=\"size-full wp-image-140340 aligncenter\" src=\"https:\/\/i0.wp.com\/cdnoticias.com\/wp-content\/uploads\/2025\/01\/apeba-06-alberto-miotti.jpg?resize=800%2C446&#038;ssl=1\" alt=\"\" width=\"800\" height=\"446\" srcset=\"https:\/\/i0.wp.com\/cdnoticias.com\/wp-content\/uploads\/2025\/01\/apeba-06-alberto-miotti.jpg?w=1000&amp;ssl=1 1000w, https:\/\/i0.wp.com\/cdnoticias.com\/wp-content\/uploads\/2025\/01\/apeba-06-alberto-miotti.jpg?resize=300%2C167&amp;ssl=1 300w, https:\/\/i0.wp.com\/cdnoticias.com\/wp-content\/uploads\/2025\/01\/apeba-06-alberto-miotti.jpg?resize=768%2C428&amp;ssl=1 768w, https:\/\/i0.wp.com\/cdnoticias.com\/wp-content\/uploads\/2025\/01\/apeba-06-alberto-miotti.jpg?resize=800%2C445&amp;ssl=1 800w\" sizes=\"auto, (max-width: 800px) 100vw, 800px\" \/><\/p>\n<p>\u00a0<\/p>\n<blockquote>\n<p>Retom\u00f3 la deuda con la empresa mayorista para subrayar que \u201cno fue un problema ni de la cooperativa de la Oficina Popular de Tandil, ni la de Luj\u00e1n, ni de Olavarr\u00eda. Fue el sistema en la provincia de Buenos Aires y eso nos hace sufrir esta crisis. Esa es la causa de la deuda\u201d.<\/p>\n<\/blockquote>\n<p>\u00a0<\/p>\n<h3>Una salida pol\u00edtica<\/h3>\n<p>\u00a0<\/p>\n<p><strong>\u201cTiene que haber una salida pol\u00edtica a este tema.<\/strong> Aparte, nosotros <strong>no es que no queremos pagar. Nosotros queremos tener los recursos para poder pagar.<\/strong> Y en general, las cooperativas, la prioridad n\u00famero uno fue el pago de los sueldos de los empleados\u201d respondi\u00f3 Binetti.<\/p>\n<p>\u00a0<\/p>\n<p><img data-recalc-dims=\"1\" loading=\"lazy\" decoding=\"async\" class=\"size-full wp-image-140338 aligncenter\" src=\"https:\/\/i0.wp.com\/cdnoticias.com\/wp-content\/uploads\/2025\/01\/apeba-04.jpg?resize=800%2C445&#038;ssl=1\" alt=\"\" width=\"800\" height=\"445\" srcset=\"https:\/\/i0.wp.com\/cdnoticias.com\/wp-content\/uploads\/2025\/01\/apeba-04.jpg?w=1000&amp;ssl=1 1000w, https:\/\/i0.wp.com\/cdnoticias.com\/wp-content\/uploads\/2025\/01\/apeba-04.jpg?resize=300%2C167&amp;ssl=1 300w, https:\/\/i0.wp.com\/cdnoticias.com\/wp-content\/uploads\/2025\/01\/apeba-04.jpg?resize=768%2C427&amp;ssl=1 768w, https:\/\/i0.wp.com\/cdnoticias.com\/wp-content\/uploads\/2025\/01\/apeba-04.jpg?resize=800%2C445&amp;ssl=1 800w\" sizes=\"auto, (max-width: 800px) 100vw, 800px\" \/><\/p>\n<p>\u00a0<\/p>\n<p>No obstante, expuso <strong>una particularidad que se registra en Luj\u00e1n<\/strong>, en la cooperativa que preside: \u201cHoy, lamentablemente, por ejemplo, hablo del caso Luj\u00e1n,<strong> el pago de los sueldos sigue siendo prioridad, pero no la n\u00famero uno, sino la n\u00famero dos<\/strong>. O sea que yo tengo que, vamos a decirlo de una forma pr\u00e1ctica, que es juntar el dinero para pagarle a CAMMESA y <strong>a los empleados a lo mejor le tengo que pagar en dos veces el sueldo<\/strong>. No hemos tenido problemas, lo hemos hablado con el sindicato, pero es el problema que se le crea a todas las cooperativas\u201d proyect\u00f3.<\/p>\n<p>\u00a0<\/p>\n<p>En tanto, respecto de las<strong> tarifas<\/strong>, inform\u00f3 que<strong> \u201cvenimos negociando hace varios a\u00f1os\u201d desde APEBA<\/strong> con un equipo que \u201cest\u00e1 en contacto permanente con la Provincia. Vivimos negociando, <strong>pero sin resultados\u201d.<\/strong><\/p>\n\n\n<p><\/p>\n","protected":false},"excerpt":{"rendered":"<p>Lo dijo el presidente de la Federaci\u00f3n, Oreste Binetti, quien defini\u00f3 \u201choy la situaci\u00f3n de las cooperativas es muy grave\u201d.<\/p>\n","protected":false},"author":4,"featured_media":140343,"comment_status":"closed","ping_status":"closed","sticky":false,"template":"","format":"standard","meta":{"_jetpack_memberships_contains_paid_content":false,"footnotes":""},"categories":[5,1],"tags":[],"class_list":["post-140333","post","type-post","status-publish","format-standard","has-post-thumbnail","hentry","category-informacion-general","category-portada"],"jetpack_featured_media_url":"https:\/\/i0.wp.com\/cdnoticias.com\/wp-content\/uploads\/2025\/01\/apeba-09.jpg?fit=1000%2C556&ssl=1","jetpack_sharing_enabled":true,"_links":{"self":[{"href":"https:\/\/cdnoticias.com\/index.php\/wp-json\/wp\/v2\/posts\/140333","targetHints":{"allow":["GET"]}}],"collection":[{"href":"https:\/\/cdnoticias.com\/index.php\/wp-json\/wp\/v2\/posts"}],"about":[{"href":"https:\/\/cdnoticias.com\/index.php\/wp-json\/wp\/v2\/types\/post"}],"author":[{"embeddable":true,"href":"https:\/\/cdnoticias.com\/index.php\/wp-json\/wp\/v2\/users\/4"}],"replies":[{"embeddable":true,"href":"https:\/\/cdnoticias.com\/index.php\/wp-json\/wp\/v2\/comments?post=140333"}],"version-history":[{"count":0,"href":"https:\/\/cdnoticias.com\/index.php\/wp-json\/wp\/v2\/posts\/140333\/revisions"}],"wp:featuredmedia":[{"embeddable":true,"href":"https:\/\/cdnoticias.com\/index.php\/wp-json\/wp\/v2\/media\/140343"}],"wp:attachment":[{"href":"https:\/\/cdnoticias.com\/index.php\/wp-json\/wp\/v2\/media?parent=140333"}],"wp:term":[{"taxonomy":"category","embeddable":true,"href":"https:\/\/cdnoticias.com\/index.php\/wp-json\/wp\/v2\/categories?post=140333"},{"taxonomy":"post_tag","embeddable":true,"href":"https:\/\/cdnoticias.com\/index.php\/wp-json\/wp\/v2\/tags?post=140333"}],"curies":[{"name":"wp","href":"https:\/\/api.w.org\/{rel}","templated":true}]}}