{"id":140317,"date":"2025-01-23T09:22:12","date_gmt":"2025-01-23T12:22:12","guid":{"rendered":"https:\/\/cdnoticias.com\/?p=140317"},"modified":"2025-01-23T09:22:16","modified_gmt":"2025-01-23T12:22:16","slug":"regional-amateur-otro-arbitro-polemico-para-costa-brava-vs-ferro","status":"publish","type":"post","link":"https:\/\/cdnoticias.com\/index.php\/2025\/01\/23\/regional-amateur-otro-arbitro-polemico-para-costa-brava-vs-ferro\/","title":{"rendered":"Regional Amateur: otro \u00e1rbitro pol\u00e9mico para Costa Brava vs Ferro"},"content":{"rendered":"\n<p>Se trata de Facundo Fogliati, que tuvo una controversial actuaci\u00f3n d\u00edas atr\u00e1s en Regatas vs Gimnasia de Chivilcoy. Definieron d\u00eda y horario del partido.<\/p>\n\n\n\n<hr class=\"wp-block-separator aligncenter has-alpha-channel-opacity\"\/>\n\n\n\n<p><strong>Ferro visitar\u00e1 el pr\u00f3ximo domingo a Costa Brava de General Pico en el partido revancha de la Final de la Regi\u00f3n Pampeana Sur del Torneo Regional Amateur.<\/strong> En la previa, el Consejo Federal defini\u00f3 el d\u00eda, horario y equipo arbitral, lo que volvi\u00f3 a generar <strong>controversia por la designaci\u00f3n del \u00e1rbitro principal.<\/strong><\/p>\n\n\n\n<p>El encuentro se disputar\u00e1 <strong>el domingo a las 20:30 en el estadio Nuevo Pacaemb\u00fa, donde el equipo de Olavarr\u00eda deber\u00e1 revertir la desventaja de un gol en el global para aspirar a la Final\u00edsima del certamen.<\/strong><\/p>\n\n\n\n<blockquote class=\"wp-block-quote is-layout-flow wp-block-quote-is-layout-flow\">\n<p>Sin embargo, la designaci\u00f3n de Facundo Fogliati, \u00e1rbitro de la Liga Santafesina de Alcorta, ya encendi\u00f3 las alarmas debido a sus antecedentes en encuentros marcados por decisiones pol\u00e9micas.<\/p>\n<\/blockquote>\n\n\n\n<p>Fogliati estar\u00e1 acompa\u00f1ado por los \u00e1rbitros asistentes Ra\u00fal M\u00e9ndez y Erwin Rol\u00f3n, junto con Nelson Ojeda como cuarto \u00e1rbitro. <strong>Entre sus actuaciones recientes se encuentra el partido disputado el pasado domingo en San Nicol\u00e1s entre Regatas y Gimnasia de Chivilcoy, encuentro que tambi\u00e9n gener\u00f3 controversias y que termin\u00f3 con victoria para los chivilcoyanos, quienes avanzaron a la final de la Regi\u00f3n Pampeana Norte.<\/strong><\/p>\n\n\n\n<p>Mientras tanto, <strong>el equipo carbonero se encuentra entrenando en las instalaciones del Domingo Colasurdo y prepara el partido a la espera de la definici\u00f3n de los dirigentes que plantearon dudas en torno del viaje a General Pico<\/strong>, con respuesta de Costa Brava mediante que garantizaban las medidas de seguridad para recibir al equipo olavarriense. <\/p>\n\n\n\n<p><\/p>\n","protected":false},"excerpt":{"rendered":"<p>Se trata de Facundo Fogliati, que tuvo una controversial actuaci\u00f3n d\u00edas atr\u00e1s en Regatas vs Gimnasia de Chivilcoy. Definieron d\u00eda<\/p>\n","protected":false},"author":96739695,"featured_media":140319,"comment_status":"closed","ping_status":"closed","sticky":false,"template":"","format":"standard","meta":{"_jetpack_memberships_contains_paid_content":false,"footnotes":""},"categories":[1,54],"tags":[],"class_list":["post-140317","post","type-post","status-publish","format-standard","has-post-thumbnail","hentry","category-portada","category-torneo-regional-amateur"],"jetpack_featured_media_url":"https:\/\/i0.wp.com\/cdnoticias.com\/wp-content\/uploads\/2025\/01\/facundo-fogliati.jpg?fit=750%2C536&ssl=1","jetpack_sharing_enabled":true,"_links":{"self":[{"href":"https:\/\/cdnoticias.com\/index.php\/wp-json\/wp\/v2\/posts\/140317","targetHints":{"allow":["GET"]}}],"collection":[{"href":"https:\/\/cdnoticias.com\/index.php\/wp-json\/wp\/v2\/posts"}],"about":[{"href":"https:\/\/cdnoticias.com\/index.php\/wp-json\/wp\/v2\/types\/post"}],"author":[{"embeddable":true,"href":"https:\/\/cdnoticias.com\/index.php\/wp-json\/wp\/v2\/users\/96739695"}],"replies":[{"embeddable":true,"href":"https:\/\/cdnoticias.com\/index.php\/wp-json\/wp\/v2\/comments?post=140317"}],"version-history":[{"count":0,"href":"https:\/\/cdnoticias.com\/index.php\/wp-json\/wp\/v2\/posts\/140317\/revisions"}],"wp:featuredmedia":[{"embeddable":true,"href":"https:\/\/cdnoticias.com\/index.php\/wp-json\/wp\/v2\/media\/140319"}],"wp:attachment":[{"href":"https:\/\/cdnoticias.com\/index.php\/wp-json\/wp\/v2\/media?parent=140317"}],"wp:term":[{"taxonomy":"category","embeddable":true,"href":"https:\/\/cdnoticias.com\/index.php\/wp-json\/wp\/v2\/categories?post=140317"},{"taxonomy":"post_tag","embeddable":true,"href":"https:\/\/cdnoticias.com\/index.php\/wp-json\/wp\/v2\/tags?post=140317"}],"curies":[{"name":"wp","href":"https:\/\/api.w.org\/{rel}","templated":true}]}}