{"id":140281,"date":"2025-01-22T19:27:35","date_gmt":"2025-01-22T22:27:35","guid":{"rendered":"https:\/\/cdnoticias.com\/?p=140281"},"modified":"2025-01-23T08:16:17","modified_gmt":"2025-01-23T11:16:17","slug":"escuela-n57-el-municipio-destinara-mas-de-200-millones-para-ampliacion-y-refaccion","status":"publish","type":"post","link":"https:\/\/cdnoticias.com\/index.php\/2025\/01\/22\/escuela-n57-el-municipio-destinara-mas-de-200-millones-para-ampliacion-y-refaccion\/","title":{"rendered":"Escuela N\u00b057: el Municipio destinar\u00e1 m\u00e1s de 200 millones para ampliaci\u00f3n y refacci\u00f3n"},"content":{"rendered":"\n<p>Este mi\u00e9rcoles se realiz\u00f3 la apertura de licitaci\u00f3n para las obras que se realizar\u00e1n en la instituci\u00f3n ubicada en 9 de Julio y Canaveri. <\/p>\n\n\n\n<hr class=\"wp-block-separator has-alpha-channel-opacity\"\/>\n\n\n\n<p>Este mi\u00e9rcoles por la ma\u00f1ana, en el Palacio San Mart\u00edn, se realiz\u00f3 la <strong>apertura de la licitaci\u00f3n para la ampliaci\u00f3n de la Escuela N\u00ba 57<\/strong>, que cont\u00f3 con la presencia del secretario de Obras, Infraestructura y Servicios P\u00fablicos Orfel Fari\u00f1a, el director de Licitaciones Ezequiel Lorenzo, y los representantes de las empresas oferentes.<\/p>\n\n\n\n<p><\/p>\n\n\n\n<p>En la oportunidad<strong> se presentaron cuatro ofertas econ\u00f3micas<\/strong>, tal como se detallan a continuaci\u00f3n:<\/p>\n\n\n\n<p><\/p>\n\n\n\n<ul class=\"wp-block-list\">\n<li>Proponente N\u00ba 1: Pecma SRL cotiz\u00f3 la suma de $278.375.073,53.<\/li>\n\n\n\n<li>Proponente N\u00ba 2: Jhonyy Caba Lomar cotiz\u00f3 la suma de $231.991.165.<\/li>\n\n\n\n<li>Proponente N\u00ba 3: Vigas y Bloques SRL cotiz\u00f3 la suma de $286.000.000.<\/li>\n\n\n\n<li>Proponente N\u00ba 4: Larrosa Mart\u00edn Eduardo cotiz\u00f3 la suma de $307.078.000.<\/li>\n<\/ul>\n\n\n\n<p><\/p>\n\n\n\n<p><strong>Se presupuestaron 260 millones de pesos <\/strong>para las obras que se extender\u00e1n por 8 meses.<\/p>\n\n\n\n<p><\/p>\n\n\n\n<figure class=\"wp-block-image size-full\"><img data-recalc-dims=\"1\" loading=\"lazy\" decoding=\"async\" width=\"800\" height=\"445\" src=\"https:\/\/i0.wp.com\/cdnoticias.com\/wp-content\/uploads\/2025\/01\/escuela-57-obras.jpg?resize=800%2C445&#038;ssl=1\" alt=\"\" class=\"wp-image-133954\" srcset=\"https:\/\/i0.wp.com\/cdnoticias.com\/wp-content\/uploads\/2025\/01\/escuela-57-obras.jpg?w=1000&amp;ssl=1 1000w, https:\/\/i0.wp.com\/cdnoticias.com\/wp-content\/uploads\/2025\/01\/escuela-57-obras.jpg?resize=300%2C167&amp;ssl=1 300w, https:\/\/i0.wp.com\/cdnoticias.com\/wp-content\/uploads\/2025\/01\/escuela-57-obras.jpg?resize=768%2C427&amp;ssl=1 768w, https:\/\/i0.wp.com\/cdnoticias.com\/wp-content\/uploads\/2025\/01\/escuela-57-obras.jpg?resize=800%2C445&amp;ssl=1 800w\" sizes=\"auto, (max-width: 800px) 100vw, 800px\" \/><\/figure>\n\n\n\n<p><\/p>\n\n\n\n<p><strong>Las obras<\/strong><\/p>\n\n\n\n<p><\/p>\n\n\n\n<p><a href=\"https:\/\/cdnoticias.com\/index.php\/2025\/01\/06\/la-municipalidad-licita-la-ampliacion-de-la-escuela-primaria-57\/\" target=\"_blank\" rel=\"noreferrer noopener\">Tal como se hab\u00eda adelantado<\/a>, en la Escuela N\u00ba 57 la ampliaci\u00f3n comprende la<strong> construcci\u00f3n de dos nuevas aulas y tres oficinas<\/strong> que conforman el \u00e1rea administrativa, alcanzando una superficie total a construir de 156 m2.<\/p>\n\n\n\n<p><\/p>\n\n\n\n<p>Como parte de las <strong>refacciones<\/strong> a desarrollar<strong>, el edificio ser\u00e1 reestructurado parcialmente, adicionando al sector administrativo, sanitarios para profesores, ba\u00f1o para personas con discapacidad y un dep\u00f3sito.<\/strong><\/p>\n\n\n\n<p><\/p>\n\n\n\n<p><strong>En las aulas los accesos ser\u00e1n reformados<\/strong>, de esta manera se unifican criterios continuando con una misma tipolog\u00eda, los revestimientos y carpinter\u00edas que tambi\u00e9n ser\u00e1n reemplazados. <strong>Se adicionar\u00e1 una cocina y dep\u00f3sito<\/strong> junto al \u00e1rea de comedor, la cocina existente ser\u00e1 desmantelada y de esta manera se destinar\u00e1 la totalidad de la superficie para comedor.<\/p>\n\n\n\n<p><\/p>\n\n\n\n<p>Se prev\u00e9 tambi\u00e9n, una vez finalizadas las obras en dicho sector, la <strong>remodelaci\u00f3n completa de la bater\u00eda de sanitarios existente.<\/strong><\/p>\n\n\n\n<p><\/p>\n\n\n\n<figure class=\"wp-block-image size-full\"><img data-recalc-dims=\"1\" loading=\"lazy\" decoding=\"async\" width=\"800\" height=\"445\" src=\"https:\/\/i0.wp.com\/cdnoticias.com\/wp-content\/uploads\/2025\/01\/escuela-57-a.jpg?resize=800%2C445&#038;ssl=1\" alt=\"\" class=\"wp-image-133953\" srcset=\"https:\/\/i0.wp.com\/cdnoticias.com\/wp-content\/uploads\/2025\/01\/escuela-57-a.jpg?w=1000&amp;ssl=1 1000w, https:\/\/i0.wp.com\/cdnoticias.com\/wp-content\/uploads\/2025\/01\/escuela-57-a.jpg?resize=300%2C167&amp;ssl=1 300w, https:\/\/i0.wp.com\/cdnoticias.com\/wp-content\/uploads\/2025\/01\/escuela-57-a.jpg?resize=768%2C427&amp;ssl=1 768w, https:\/\/i0.wp.com\/cdnoticias.com\/wp-content\/uploads\/2025\/01\/escuela-57-a.jpg?resize=800%2C445&amp;ssl=1 800w\" sizes=\"auto, (max-width: 800px) 100vw, 800px\" \/><\/figure>\n\n\n\n<p><\/p>\n\n\n\n<blockquote class=\"wp-block-quote is-layout-flow wp-block-quote-is-layout-flow\">\n<p>Desde la Municipalidad destacaron que desde el inicio de la gesti\u00f3n del intendente Maximiliano Wesner hasta la actualidad se llevan adelante obras en unos 30 establecimientos educativos del Partido de Olavarr\u00eda.<\/p>\n<\/blockquote>\n\n\n\n<p><\/p>\n\n\n\n<p>Las obras van desde <strong>reformas integrales, importantes remodelaciones, construcciones totalmente nuevas, hasta tareas de mantenimiento de instalaciones, pinturas, arreglos de veredas y trabajos de impermeabilizaci\u00f3n.<\/strong><\/p>\n\n\n\n<p><\/p>\n\n\n\n<p>La prioridad en la ejecuci\u00f3n de las distintas obras en establecimientos educativos del Partido de Olavarr\u00eda, surge de un trabajo conjunto entre la Municipalidad y el Consejo Escolar.<\/p>\n","protected":false},"excerpt":{"rendered":"<p>Este mi\u00e9rcoles se realiz\u00f3 la apertura de licitaci\u00f3n para las obras que se realizar\u00e1n en la instituci\u00f3n ubicada en 9<\/p>\n","protected":false},"author":5,"featured_media":140282,"comment_status":"closed","ping_status":"closed","sticky":false,"template":"","format":"standard","meta":{"_jetpack_memberships_contains_paid_content":false,"footnotes":""},"categories":[5,1],"tags":[],"class_list":["post-140281","post","type-post","status-publish","format-standard","has-post-thumbnail","hentry","category-informacion-general","category-portada"],"jetpack_featured_media_url":"https:\/\/i0.wp.com\/cdnoticias.com\/wp-content\/uploads\/2025\/01\/licitacion-escuela-57-6-scaled-1.jpg?fit=800%2C445&ssl=1","jetpack_sharing_enabled":true,"_links":{"self":[{"href":"https:\/\/cdnoticias.com\/index.php\/wp-json\/wp\/v2\/posts\/140281","targetHints":{"allow":["GET"]}}],"collection":[{"href":"https:\/\/cdnoticias.com\/index.php\/wp-json\/wp\/v2\/posts"}],"about":[{"href":"https:\/\/cdnoticias.com\/index.php\/wp-json\/wp\/v2\/types\/post"}],"author":[{"embeddable":true,"href":"https:\/\/cdnoticias.com\/index.php\/wp-json\/wp\/v2\/users\/5"}],"replies":[{"embeddable":true,"href":"https:\/\/cdnoticias.com\/index.php\/wp-json\/wp\/v2\/comments?post=140281"}],"version-history":[{"count":0,"href":"https:\/\/cdnoticias.com\/index.php\/wp-json\/wp\/v2\/posts\/140281\/revisions"}],"wp:featuredmedia":[{"embeddable":true,"href":"https:\/\/cdnoticias.com\/index.php\/wp-json\/wp\/v2\/media\/140282"}],"wp:attachment":[{"href":"https:\/\/cdnoticias.com\/index.php\/wp-json\/wp\/v2\/media?parent=140281"}],"wp:term":[{"taxonomy":"category","embeddable":true,"href":"https:\/\/cdnoticias.com\/index.php\/wp-json\/wp\/v2\/categories?post=140281"},{"taxonomy":"post_tag","embeddable":true,"href":"https:\/\/cdnoticias.com\/index.php\/wp-json\/wp\/v2\/tags?post=140281"}],"curies":[{"name":"wp","href":"https:\/\/api.w.org\/{rel}","templated":true}]}}