{"id":140236,"date":"2025-01-22T09:19:26","date_gmt":"2025-01-22T12:19:26","guid":{"rendered":"https:\/\/cdnoticias.com\/?p=140236"},"modified":"2025-01-22T09:19:30","modified_gmt":"2025-01-22T12:19:30","slug":"comenzaron-las-pretemporadas-de-mas-de-la-mitad-de-los-equipos-locales","status":"publish","type":"post","link":"https:\/\/cdnoticias.com\/index.php\/2025\/01\/22\/comenzaron-las-pretemporadas-de-mas-de-la-mitad-de-los-equipos-locales\/","title":{"rendered":"Comenzaron las pretemporadas de m\u00e1s de la mitad de los equipos locales"},"content":{"rendered":"\n<p>Los trabajos de seis equipos comenzaron el pasado lunes mientras que Racing estren\u00f3 cuerpo t\u00e9cnico este martes, con Roberto Tucker a la cabeza. Todos con miras en el interligas de febrero.<\/p>\n\n\n\n<hr class=\"wp-block-separator aligncenter has-alpha-channel-opacity\"\/>\n\n\n\n<p>Los clubes <strong>Municipales, El Fort\u00edn, Sierra Chica, Hinojo, San Mart\u00edn y Loma Negra dieron inicio a sus entrenamientos este lunes<\/strong>, en preparaci\u00f3n para las competencias de 2025. La actividad comenzar\u00e1 con el Torneo Interligas, que dar\u00e1 inicio en febrero, marcando el arranque oficial de la temporada.<\/p>\n\n\n\n<p>Los equipos, pertenecientes a la Liga de F\u00fatbol de Olavarr\u00eda retomaron las pr\u00e1cticas en sus respectivos escenarios, algunos con la presentaci\u00f3n de nuevos cuerpos t\u00e9cnicos. <strong>Municipales, El Fort\u00edn y Sierra Chica comenzaron los trabajos bajo la conducci\u00f3n de entrenadores ya conocidos por los planteles, con el objetivo de mejorar los resultados obtenidos el a\u00f1o pasado.<\/strong><\/p>\n\n\n\n<figure class=\"wp-block-image size-large\"><img data-recalc-dims=\"1\" loading=\"lazy\" decoding=\"async\" width=\"800\" height=\"448\" src=\"https:\/\/i0.wp.com\/cdnoticias.com\/wp-content\/uploads\/2025\/01\/WhatsApp-Image-2025-01-22-at-09.02.42-1.jpeg?resize=800%2C448&#038;ssl=1\" alt=\"\" class=\"wp-image-140239\" srcset=\"https:\/\/i0.wp.com\/cdnoticias.com\/wp-content\/uploads\/2025\/01\/WhatsApp-Image-2025-01-22-at-09.02.42-1.jpeg?resize=1024%2C573&amp;ssl=1 1024w, https:\/\/i0.wp.com\/cdnoticias.com\/wp-content\/uploads\/2025\/01\/WhatsApp-Image-2025-01-22-at-09.02.42-1.jpeg?resize=300%2C168&amp;ssl=1 300w, https:\/\/i0.wp.com\/cdnoticias.com\/wp-content\/uploads\/2025\/01\/WhatsApp-Image-2025-01-22-at-09.02.42-1.jpeg?resize=768%2C430&amp;ssl=1 768w, https:\/\/i0.wp.com\/cdnoticias.com\/wp-content\/uploads\/2025\/01\/WhatsApp-Image-2025-01-22-at-09.02.42-1.jpeg?w=1220&amp;ssl=1 1220w\" sizes=\"auto, (max-width: 800px) 100vw, 800px\" \/><\/figure>\n\n\n\n<p>En <strong>Loma Negra, un cambio en la Subcomisi\u00f3n de F\u00fatbol trajo aparejada la llegada de Nicol\u00e1s Rosales como nuevo director t\u00e9cnico. <\/strong>El equipo realiz\u00f3 su primera pr\u00e1ctica bajo su liderazgo, marcando el inicio de un nuevo ciclo en la instituci\u00f3n.<\/p>\n\n\n\n<p>Por su parte<strong>, Racing volvi\u00f3 a los entrenamientos el martes con el retorno de Roberto Tucker como director t\u00e9cnico, quien inicia una nueva etapa en el banco del chaira. <\/strong>El cuerpo t\u00e9cnico estar\u00e1 compuesto por Mauricio Fourcade y Carlos Tavare como ayudantes, Gabriel Soto como preparador f\u00edsico, Pablo Flores como entrenador de arqueros y Gabriel Kolman como kinesi\u00f3logo.<\/p>\n\n\n\n<figure class=\"wp-block-image size-large\"><img data-recalc-dims=\"1\" loading=\"lazy\" decoding=\"async\" width=\"800\" height=\"533\" src=\"https:\/\/i0.wp.com\/cdnoticias.com\/wp-content\/uploads\/2025\/01\/WhatsApp-Image-2025-01-21-at-22.07.06.jpeg?resize=800%2C533&#038;ssl=1\" alt=\"\" class=\"wp-image-140238\" srcset=\"https:\/\/i0.wp.com\/cdnoticias.com\/wp-content\/uploads\/2025\/01\/WhatsApp-Image-2025-01-21-at-22.07.06.jpeg?resize=1024%2C682&amp;ssl=1 1024w, https:\/\/i0.wp.com\/cdnoticias.com\/wp-content\/uploads\/2025\/01\/WhatsApp-Image-2025-01-21-at-22.07.06.jpeg?resize=300%2C200&amp;ssl=1 300w, https:\/\/i0.wp.com\/cdnoticias.com\/wp-content\/uploads\/2025\/01\/WhatsApp-Image-2025-01-21-at-22.07.06.jpeg?resize=768%2C512&amp;ssl=1 768w, https:\/\/i0.wp.com\/cdnoticias.com\/wp-content\/uploads\/2025\/01\/WhatsApp-Image-2025-01-21-at-22.07.06.jpeg?resize=1536%2C1023&amp;ssl=1 1536w, https:\/\/i0.wp.com\/cdnoticias.com\/wp-content\/uploads\/2025\/01\/WhatsApp-Image-2025-01-21-at-22.07.06.jpeg?resize=272%2C182&amp;ssl=1 272w, https:\/\/i0.wp.com\/cdnoticias.com\/wp-content\/uploads\/2025\/01\/WhatsApp-Image-2025-01-21-at-22.07.06.jpeg?w=1600&amp;ssl=1 1600w\" sizes=\"auto, (max-width: 800px) 100vw, 800px\" \/><\/figure>\n\n\n\n<p>Con estos primeros movimientos<strong>, los equipos de la Liga de F\u00fatbol de Olavarr\u00eda comienzan a perfilarse para encarar los desaf\u00edos de la nueva temporada, con renovadas expectativas y objetivos claros en el horizonte.<\/strong><\/p>\n","protected":false},"excerpt":{"rendered":"<p>Los trabajos de seis equipos comenzaron el pasado lunes mientras que Racing estren\u00f3 cuerpo t\u00e9cnico este martes, con Roberto Tucker<\/p>\n","protected":false},"author":96739695,"featured_media":140240,"comment_status":"closed","ping_status":"closed","sticky":false,"template":"","format":"standard","meta":{"_jetpack_memberships_contains_paid_content":false,"footnotes":""},"categories":[35,1,43],"tags":[],"class_list":["post-140236","post","type-post","status-publish","format-standard","has-post-thumbnail","hentry","category-futbol","category-portada","category-primera"],"jetpack_featured_media_url":"https:\/\/i0.wp.com\/cdnoticias.com\/wp-content\/uploads\/2025\/01\/WhatsApp-Image-2025-01-22-at-09.02.42.jpeg?fit=1220%2C699&ssl=1","jetpack_sharing_enabled":true,"_links":{"self":[{"href":"https:\/\/cdnoticias.com\/index.php\/wp-json\/wp\/v2\/posts\/140236","targetHints":{"allow":["GET"]}}],"collection":[{"href":"https:\/\/cdnoticias.com\/index.php\/wp-json\/wp\/v2\/posts"}],"about":[{"href":"https:\/\/cdnoticias.com\/index.php\/wp-json\/wp\/v2\/types\/post"}],"author":[{"embeddable":true,"href":"https:\/\/cdnoticias.com\/index.php\/wp-json\/wp\/v2\/users\/96739695"}],"replies":[{"embeddable":true,"href":"https:\/\/cdnoticias.com\/index.php\/wp-json\/wp\/v2\/comments?post=140236"}],"version-history":[{"count":0,"href":"https:\/\/cdnoticias.com\/index.php\/wp-json\/wp\/v2\/posts\/140236\/revisions"}],"wp:featuredmedia":[{"embeddable":true,"href":"https:\/\/cdnoticias.com\/index.php\/wp-json\/wp\/v2\/media\/140240"}],"wp:attachment":[{"href":"https:\/\/cdnoticias.com\/index.php\/wp-json\/wp\/v2\/media?parent=140236"}],"wp:term":[{"taxonomy":"category","embeddable":true,"href":"https:\/\/cdnoticias.com\/index.php\/wp-json\/wp\/v2\/categories?post=140236"},{"taxonomy":"post_tag","embeddable":true,"href":"https:\/\/cdnoticias.com\/index.php\/wp-json\/wp\/v2\/tags?post=140236"}],"curies":[{"name":"wp","href":"https:\/\/api.w.org\/{rel}","templated":true}]}}