{"id":140235,"date":"2025-01-22T09:17:36","date_gmt":"2025-01-22T12:17:36","guid":{"rendered":"https:\/\/cdnoticias.com\/?p=140235"},"modified":"2025-01-22T09:17:40","modified_gmt":"2025-01-22T12:17:40","slug":"cooperativas-de-electricidad-apeba-se-reunira-en-olavarria","status":"publish","type":"post","link":"https:\/\/cdnoticias.com\/index.php\/2025\/01\/22\/cooperativas-de-electricidad-apeba-se-reunira-en-olavarria\/","title":{"rendered":"Cooperativas de electricidad: APEBA se reunir\u00e1 en Olavarr\u00eda"},"content":{"rendered":"<p>Estar\u00e1 este jueves el presidente de la entidad, Oreste Arturo Binetti, quien encabezar\u00e1 el encuentro.<!--more--><\/p>\n<hr \/>\n<p>La <strong>Federaci\u00f3n de Cooperativas de Prestadores El\u00e9ctricos de la Provincia de Buenos Aires (APEBA)<\/strong> se reunir\u00e1 este jueves <strong>en Olavarr\u00eda.<\/strong><\/p>\n<p>El encuentro ser\u00e1 encabezado por el <strong>presidente de la Federaci\u00f3n APEBA y de la Cooperativa El\u00e9ctrica y de Servicios P\u00fablicos Lujanense Ltda, Oreste Arturo Binetti<\/strong>, y estar\u00e1 el <strong>presidente del Consejo de Administraci\u00f3n de Coopelectric, Alberto Miotti<\/strong>, quien adem\u00e1s es el tesorero de APEBA.<\/p>\n<p>Tendr\u00e1 lugar en instalaciones del Club Pueblo Nuevo.<\/p>\n<p>La Federaci\u00f3n APEBA es una entidad de segundo grado integrada por <strong>15 distribuidoras que prestan el servicio el\u00e9ctrico<\/strong> a alrededor de <strong>500.000 usuarios bonaerenses<\/strong>. Dichas entidades comparten el inter\u00e9s de afrontar los desaf\u00edos del sector el\u00e9ctrico mediante la participaci\u00f3n activa de sus integrantes y la defensa de sus comunidades.<\/p>\n<p><strong>Los encuentros se realizan mensualmente de manera rotativa<\/strong> en las diferentes instituciones que la integran con la finalidad de abordar problem\u00e1ticas y situaciones comunes a todas las distribuidoras. En tal sentido, y a trav\u00e9s de las decisiones acordadas, se llevan a cabo gestiones de car\u00e1cter interfederativo, de \u00edndole t\u00e9cnica tales como cuestiones regulatorias, econ\u00f3micas y legales; e institucionales a trav\u00e9s del di\u00e1logo con organismos provinciales y nacionales.<\/p>\n","protected":false},"excerpt":{"rendered":"<p>Estar\u00e1 este jueves el presidente de la entidad, Oreste Arturo Binetti, quien encabezar\u00e1 el encuentro.<\/p>\n","protected":false},"author":4,"featured_media":51532,"comment_status":"closed","ping_status":"closed","sticky":false,"template":"","format":"standard","meta":{"_jetpack_memberships_contains_paid_content":false,"footnotes":""},"categories":[5,1],"tags":[],"class_list":["post-140235","post","type-post","status-publish","format-standard","has-post-thumbnail","hentry","category-informacion-general","category-portada"],"jetpack_featured_media_url":"https:\/\/i0.wp.com\/cdnoticias.com\/wp-content\/uploads\/2022\/04\/apeba-coopelectric-00.jpg?fit=800%2C445&ssl=1","jetpack_sharing_enabled":true,"_links":{"self":[{"href":"https:\/\/cdnoticias.com\/index.php\/wp-json\/wp\/v2\/posts\/140235","targetHints":{"allow":["GET"]}}],"collection":[{"href":"https:\/\/cdnoticias.com\/index.php\/wp-json\/wp\/v2\/posts"}],"about":[{"href":"https:\/\/cdnoticias.com\/index.php\/wp-json\/wp\/v2\/types\/post"}],"author":[{"embeddable":true,"href":"https:\/\/cdnoticias.com\/index.php\/wp-json\/wp\/v2\/users\/4"}],"replies":[{"embeddable":true,"href":"https:\/\/cdnoticias.com\/index.php\/wp-json\/wp\/v2\/comments?post=140235"}],"version-history":[{"count":0,"href":"https:\/\/cdnoticias.com\/index.php\/wp-json\/wp\/v2\/posts\/140235\/revisions"}],"wp:featuredmedia":[{"embeddable":true,"href":"https:\/\/cdnoticias.com\/index.php\/wp-json\/wp\/v2\/media\/51532"}],"wp:attachment":[{"href":"https:\/\/cdnoticias.com\/index.php\/wp-json\/wp\/v2\/media?parent=140235"}],"wp:term":[{"taxonomy":"category","embeddable":true,"href":"https:\/\/cdnoticias.com\/index.php\/wp-json\/wp\/v2\/categories?post=140235"},{"taxonomy":"post_tag","embeddable":true,"href":"https:\/\/cdnoticias.com\/index.php\/wp-json\/wp\/v2\/tags?post=140235"}],"curies":[{"name":"wp","href":"https:\/\/api.w.org\/{rel}","templated":true}]}}