{"id":140198,"date":"2025-01-21T17:52:32","date_gmt":"2025-01-21T20:52:32","guid":{"rendered":"https:\/\/cdnoticias.com\/?p=140198"},"modified":"2025-01-21T17:52:37","modified_gmt":"2025-01-21T20:52:37","slug":"ferro-jugara-la-vuelta-del-regional-amateur","status":"publish","type":"post","link":"https:\/\/cdnoticias.com\/index.php\/2025\/01\/21\/ferro-jugara-la-vuelta-del-regional-amateur\/","title":{"rendered":"\u00bfFerro jugar\u00e1 la vuelta del Regional Amateur?"},"content":{"rendered":"\n<p>Emiti\u00f3 un sorpresivo comunicado en el que inform\u00f3 que no estaban dadas las garant\u00edas para viajar a General Pico. Hasta este martes, la duda permanec\u00eda.<\/p>\n\n\n\n<hr class=\"wp-block-separator aligncenter has-alpha-channel-opacity\"\/>\n\n\n\n<p>El<strong> Club Ferro Carril Sud anunci\u00f3 a trav\u00e9s de su cuenta de Instagram que podr\u00eda no presentarse a disputar el partido de revancha de la final del Torneo Regional Amateur en la regi\u00f3n Pampeana Sur contra Costa Brava<\/strong> de General Pico.<\/p>\n\n\n\n<p>El encuentro est\u00e1 programado para este domingo a las 20:30 en el estadio <strong>&#8220;Nuevo Pacaemb\u00fa&#8221; de la ciudad pampeana.<\/strong><\/p>\n\n\n\n<p>En un comunicado oficial, el club manifest\u00f3 que<strong> la Comisi\u00f3n Directiva est\u00e1 evaluando la posibilidad de no viajar a La Pampa debido a la &#8220;<em>falta de garant\u00edas para con jugadores, cuerpo t\u00e9cnico y dirigentes&#8221;.<\/em><\/strong><\/p>\n\n\n\n<p>La decisi\u00f3n, seg\u00fan indicaron, estar\u00e1 en <em>&#8220;permanente consideraci\u00f3n&#8221;<\/em> durante los pr\u00f3ximos d\u00edas.<strong> Hasta el martes por la tarde, seg\u00fan logr\u00f3 saber Central de Deportes, segu\u00eda en pie.<\/strong><\/p>\n","protected":false},"excerpt":{"rendered":"<p>Emiti\u00f3 un sorpresivo comunicado en el que inform\u00f3 que no estaban dadas las garant\u00edas para viajar a General Pico. Hasta<\/p>\n","protected":false},"author":96739695,"featured_media":134936,"comment_status":"closed","ping_status":"closed","sticky":false,"template":"","format":"standard","meta":{"_jetpack_memberships_contains_paid_content":false,"footnotes":""},"categories":[1,54],"tags":[],"class_list":["post-140198","post","type-post","status-publish","format-standard","has-post-thumbnail","hentry","category-portada","category-torneo-regional-amateur"],"jetpack_featured_media_url":"https:\/\/i0.wp.com\/cdnoticias.com\/wp-content\/uploads\/2025\/01\/Ferro-CostaBrava-18.jpg?fit=1024%2C683&ssl=1","jetpack_sharing_enabled":true,"_links":{"self":[{"href":"https:\/\/cdnoticias.com\/index.php\/wp-json\/wp\/v2\/posts\/140198","targetHints":{"allow":["GET"]}}],"collection":[{"href":"https:\/\/cdnoticias.com\/index.php\/wp-json\/wp\/v2\/posts"}],"about":[{"href":"https:\/\/cdnoticias.com\/index.php\/wp-json\/wp\/v2\/types\/post"}],"author":[{"embeddable":true,"href":"https:\/\/cdnoticias.com\/index.php\/wp-json\/wp\/v2\/users\/96739695"}],"replies":[{"embeddable":true,"href":"https:\/\/cdnoticias.com\/index.php\/wp-json\/wp\/v2\/comments?post=140198"}],"version-history":[{"count":0,"href":"https:\/\/cdnoticias.com\/index.php\/wp-json\/wp\/v2\/posts\/140198\/revisions"}],"wp:featuredmedia":[{"embeddable":true,"href":"https:\/\/cdnoticias.com\/index.php\/wp-json\/wp\/v2\/media\/134936"}],"wp:attachment":[{"href":"https:\/\/cdnoticias.com\/index.php\/wp-json\/wp\/v2\/media?parent=140198"}],"wp:term":[{"taxonomy":"category","embeddable":true,"href":"https:\/\/cdnoticias.com\/index.php\/wp-json\/wp\/v2\/categories?post=140198"},{"taxonomy":"post_tag","embeddable":true,"href":"https:\/\/cdnoticias.com\/index.php\/wp-json\/wp\/v2\/tags?post=140198"}],"curies":[{"name":"wp","href":"https:\/\/api.w.org\/{rel}","templated":true}]}}