{"id":140171,"date":"2025-01-21T12:45:26","date_gmt":"2025-01-21T15:45:26","guid":{"rendered":"https:\/\/cdnoticias.com\/?p=140171"},"modified":"2025-01-21T13:52:42","modified_gmt":"2025-01-21T16:52:42","slug":"nueva-sede-para-las-oficinas-de-la-secretaria-de-desarrollo-de-la-comunidad","status":"publish","type":"post","link":"https:\/\/cdnoticias.com\/index.php\/2025\/01\/21\/nueva-sede-para-las-oficinas-de-la-secretaria-de-desarrollo-de-la-comunidad\/","title":{"rendered":"Nueva sede para las oficinas de la Secretar\u00eda de Desarrollo de la Comunidad"},"content":{"rendered":"<p>Las mudanzas se realizar\u00e1n el pr\u00f3ximo jueves, por lo que esa jornada no habr\u00e1 atenci\u00f3n al p\u00fablico. No obstante, el servicio de guardia se brindar\u00e1 normalmente.<!--more--><\/p>\n<hr \/>\n<p>El Municipio de Olavarr\u00eda inform\u00f3 que <strong>en los pr\u00f3ximos d\u00edas se realizar\u00e1 una serie de cambios de sedes de oficinas<\/strong> dependientes de la <strong>Secretar\u00eda de Desarrollo de la Comunidad<\/strong>, con el objetivo de <strong>mejorar el circuito de atenci\u00f3n<\/strong> a la comunidad, como as\u00ed tambi\u00e9n optimizar recursos y agilizar la gesti\u00f3n de tr\u00e1mites y acceso a servicios.<\/p>\n<p>La novedad estar\u00e1 dada, en principio, en el <strong>traslado de la Subsecretar\u00eda de Protecci\u00f3n Integral de Derechos al edificio ubicado sobre Almirante Brown 2860<\/strong>, a metros del cruce con Belgrano (<em>foto de tapa<\/em>).<\/p>\n<p>En ese sitio actualmente est\u00e1n las oficinas de la <strong>Direcci\u00f3n de Pol\u00edticas Sociales y de Gesti\u00f3n Territorial<\/strong>, dependientes ambas de la Subsecretar\u00eda de Desarrollo Social, que <strong>pasar\u00e1n a estar ubicadas en Alsina 4180<\/strong>, en las cercan\u00edas del cruce de Rufino Fal.<\/p>\n<blockquote><p>La mudanza se concretar\u00e1 el pr\u00f3ximo jueves 23 del corriente mes, por lo que esa fecha no habr\u00e1 atenci\u00f3n al p\u00fablico. No obstante, estar\u00e1 garantizado el servicio de guardia.<\/p><\/blockquote>\n<h3>Optimizar atenci\u00f3n y acceso<\/h3>\n<p>El Municipio de Olavarr\u00eda explic\u00f3 que<strong> \u201cel cambio surge de un an\u00e1lisis con el objetivo de optimizar recursos<\/strong>, como as\u00ed tambi\u00e9n tiempos y accesos, no s\u00f3lo para las personas que son usuarias de los distintos servicios y programas, sino tambi\u00e9n para el personal municipal, con el objetivo de poder brindar una <strong>respuesta \u00e1gil y efectiva\u201d.<\/strong><\/p>\n<p>\u201cEn ese sentido, por ejemplo, <strong>se tuvo en cuenta la ubicaci\u00f3n del Dep\u00f3sito de Desarrollo Social<\/strong>, el cual a partir de la mudanza quedar\u00e1 a pocos metros de la oficina de la Direcci\u00f3n, \u00e1reas que en la labor diaria se encuentran en contacto y vinculaci\u00f3n permanente\u201d agreg\u00f3.<\/p>\n<p>A la par, la oficina tambi\u00e9n pasar\u00e1 a estar ubicada <strong>a pocos metros del Hospital Municipal<\/strong>. Se indic\u00f3 que se trata de <em>\u201cun sitio donde no s\u00f3lo favorece a la gente que all\u00ed se atiende y que es usuaria de Pol\u00edticas Sociales, sino que tambi\u00e9n se trata de un punto de la ciudad que tiene conexi\u00f3n con todas las l\u00edneas de transporte urbano\u201d<\/em>.<\/p>\n","protected":false},"excerpt":{"rendered":"<p>Las mudanzas se realizar\u00e1n el pr\u00f3ximo jueves, por lo que esa jornada no habr\u00e1 atenci\u00f3n al p\u00fablico. No obstante, el<\/p>\n","protected":false},"author":4,"featured_media":84623,"comment_status":"closed","ping_status":"closed","sticky":false,"template":"","format":"standard","meta":{"_jetpack_memberships_contains_paid_content":false,"footnotes":""},"categories":[5,1],"tags":[],"class_list":["post-140171","post","type-post","status-publish","format-standard","has-post-thumbnail","hentry","category-informacion-general","category-portada"],"jetpack_featured_media_url":"https:\/\/i0.wp.com\/cdnoticias.com\/wp-content\/uploads\/2023\/05\/desarrollo-social.jpg?fit=800%2C445&ssl=1","jetpack_sharing_enabled":true,"_links":{"self":[{"href":"https:\/\/cdnoticias.com\/index.php\/wp-json\/wp\/v2\/posts\/140171","targetHints":{"allow":["GET"]}}],"collection":[{"href":"https:\/\/cdnoticias.com\/index.php\/wp-json\/wp\/v2\/posts"}],"about":[{"href":"https:\/\/cdnoticias.com\/index.php\/wp-json\/wp\/v2\/types\/post"}],"author":[{"embeddable":true,"href":"https:\/\/cdnoticias.com\/index.php\/wp-json\/wp\/v2\/users\/4"}],"replies":[{"embeddable":true,"href":"https:\/\/cdnoticias.com\/index.php\/wp-json\/wp\/v2\/comments?post=140171"}],"version-history":[{"count":0,"href":"https:\/\/cdnoticias.com\/index.php\/wp-json\/wp\/v2\/posts\/140171\/revisions"}],"wp:featuredmedia":[{"embeddable":true,"href":"https:\/\/cdnoticias.com\/index.php\/wp-json\/wp\/v2\/media\/84623"}],"wp:attachment":[{"href":"https:\/\/cdnoticias.com\/index.php\/wp-json\/wp\/v2\/media?parent=140171"}],"wp:term":[{"taxonomy":"category","embeddable":true,"href":"https:\/\/cdnoticias.com\/index.php\/wp-json\/wp\/v2\/categories?post=140171"},{"taxonomy":"post_tag","embeddable":true,"href":"https:\/\/cdnoticias.com\/index.php\/wp-json\/wp\/v2\/tags?post=140171"}],"curies":[{"name":"wp","href":"https:\/\/api.w.org\/{rel}","templated":true}]}}