{"id":140166,"date":"2025-01-21T16:07:18","date_gmt":"2025-01-21T19:07:18","guid":{"rendered":"https:\/\/cdnoticias.com\/?p=140166"},"modified":"2025-01-21T18:12:49","modified_gmt":"2025-01-21T21:12:49","slug":"olavarria-en-verano-se-desarrollo-el-segundo-encuentro-de-natacion","status":"publish","type":"post","link":"https:\/\/cdnoticias.com\/index.php\/2025\/01\/21\/olavarria-en-verano-se-desarrollo-el-segundo-encuentro-de-natacion\/","title":{"rendered":"\u201cOlavarr\u00eda en Verano\u201d: se desarroll\u00f3 el segundo encuentro de nataci\u00f3n"},"content":{"rendered":"\n<p>Fue durante el fin de semana en el pilet\u00f3n del Bioparque La M\u00e1xima. Participaron chicos y chicas de colonias de verano y Centros de D\u00eda Municipales.<\/p>\n\n\n\n<hr class=\"wp-block-separator has-alpha-channel-opacity\"\/>\n\n\n\n<p>Durante el transcurso del \u00faltimo fin de semana el pilet\u00f3n del Bioparque Municipal La M\u00e1xima fue sede del <strong>segundo encuentro de nataci\u00f3n de la temporada<\/strong>, una propuesta organizada desde la Subsecretar\u00eda de Deportes y enmarcada en el <strong>Programa Municipal Olavarr\u00eda en Verano.<\/strong> Una jornada que como rasgo distintivo tuvo no solo la participaci\u00f3n de distintas colonias de verano de todo el Partido, sino tambi\u00e9n de chicos y chicas que asisten a los Centros de D\u00eda Municipales, dependientes de la Direcci\u00f3n de Ni\u00f1eces y Adolescencias.<\/p>\n\n\n\n<p><\/p>\n\n\n\n<p>La actividad consisti\u00f3 en la realizaci\u00f3n de distintas <strong>pruebas de velocidad y estilo<\/strong>, que m\u00e1s all\u00e1 del tenor<strong> participativo y recreativo <\/strong>tambi\u00e9n tuvieron como objetivo comenzar a<strong> detectar y seguir j\u00f3venes nadadores con la intenci\u00f3n de poder incorporarlos a futuro al programa municipal Talentos en el Agua<\/strong>, de acompa\u00f1amiento a deportistas pero tambi\u00e9n de fomento y apoyo a la disciplina.<\/p>\n\n\n\n<p><\/p>\n\n\n\n<blockquote class=\"wp-block-quote is-layout-flow wp-block-quote-is-layout-flow\">\n<p>La jornada cont\u00f3 con la participaci\u00f3n de chicos y chicas de distintas edades, quienes representaron a las colonias de Club Ferro, La Docta, Pileta Gonz\u00e1lez, Verano So\u00f1ado (Sindicato de Trabajadores Municipales), Club San Mart\u00edn (Sierras Bayas), El Socav\u00f3n y El Prado (Hinojo).<\/p>\n<\/blockquote>\n\n\n\n<p><\/p>\n\n\n\n<figure class=\"wp-block-image size-full\"><img data-recalc-dims=\"1\" loading=\"lazy\" decoding=\"async\" width=\"800\" height=\"445\" src=\"https:\/\/i0.wp.com\/cdnoticias.com\/wp-content\/uploads\/2025\/01\/Centros-de-Dia-en-Encuento-de-Natacion-3.jpg?resize=800%2C445&#038;ssl=1\" alt=\"\" class=\"wp-image-140168\" srcset=\"https:\/\/i0.wp.com\/cdnoticias.com\/wp-content\/uploads\/2025\/01\/Centros-de-Dia-en-Encuento-de-Natacion-3.jpg?w=800&amp;ssl=1 800w, https:\/\/i0.wp.com\/cdnoticias.com\/wp-content\/uploads\/2025\/01\/Centros-de-Dia-en-Encuento-de-Natacion-3.jpg?resize=300%2C167&amp;ssl=1 300w, https:\/\/i0.wp.com\/cdnoticias.com\/wp-content\/uploads\/2025\/01\/Centros-de-Dia-en-Encuento-de-Natacion-3.jpg?resize=768%2C427&amp;ssl=1 768w\" sizes=\"auto, (max-width: 800px) 100vw, 800px\" \/><\/figure>\n\n\n\n<p><\/p>\n\n\n\n<blockquote class=\"wp-block-quote is-layout-flow wp-block-quote-is-layout-flow\">\n<p>Vale destacar, a la par, que de la propuesta tambi\u00e9n tomarte parte chicos y chicas que asisten a los Centros de D\u00eda Municipales quienes, en compa\u00f1\u00eda de sus referentes, compitieron en diversas disciplinas individuales de estilos de nado y, al finalizar, participaron en carrera de postas por equipos.<\/p>\n<\/blockquote>\n\n\n\n<p><\/p>\n\n\n\n<figure class=\"wp-block-image size-full\"><img data-recalc-dims=\"1\" loading=\"lazy\" decoding=\"async\" width=\"800\" height=\"445\" src=\"https:\/\/i0.wp.com\/cdnoticias.com\/wp-content\/uploads\/2025\/01\/Centros-de-Dia-en-Encuento-de-Natacion-2.jpg?resize=800%2C445&#038;ssl=1\" alt=\"\" class=\"wp-image-140167\" srcset=\"https:\/\/i0.wp.com\/cdnoticias.com\/wp-content\/uploads\/2025\/01\/Centros-de-Dia-en-Encuento-de-Natacion-2.jpg?w=800&amp;ssl=1 800w, https:\/\/i0.wp.com\/cdnoticias.com\/wp-content\/uploads\/2025\/01\/Centros-de-Dia-en-Encuento-de-Natacion-2.jpg?resize=300%2C167&amp;ssl=1 300w, https:\/\/i0.wp.com\/cdnoticias.com\/wp-content\/uploads\/2025\/01\/Centros-de-Dia-en-Encuento-de-Natacion-2.jpg?resize=768%2C427&amp;ssl=1 768w\" sizes=\"auto, (max-width: 800px) 100vw, 800px\" \/><\/figure>\n\n\n\n<p><\/p>\n\n\n\n<p>Desde la coordinaci\u00f3n de Centros de D\u00eda de la Subsecretar\u00eda de Protecci\u00f3n Integral de Derechos Jer\u00f3nimo Olgu\u00edn manifest\u00f3 que \u201cacompa\u00f1amos con alegr\u00eda y orgullo estas actividades,<strong> fomentando la importancia de participar y desplegar lo aprendido en cada jornada compartida de pileta. <\/strong>Agradecemos a la Subsecretar\u00eda de Deportes no s\u00f3lo por la organizaci\u00f3n del evento, sino por lo que nos brindan cada d\u00eda en la temporada de verano que estamos transitando\u201d.<\/p>\n","protected":false},"excerpt":{"rendered":"<p>Fue durante el fin de semana en el pilet\u00f3n del Bioparque La M\u00e1xima. Participaron chicos y chicas de colonias de<\/p>\n","protected":false},"author":5,"featured_media":140169,"comment_status":"closed","ping_status":"closed","sticky":false,"template":"","format":"standard","meta":{"_jetpack_memberships_contains_paid_content":false,"footnotes":""},"categories":[5,1],"tags":[],"class_list":["post-140166","post","type-post","status-publish","format-standard","has-post-thumbnail","hentry","category-informacion-general","category-portada"],"jetpack_featured_media_url":"https:\/\/i0.wp.com\/cdnoticias.com\/wp-content\/uploads\/2025\/01\/Centros-de-Dia-en-Encuento-de-Natacion-4.jpg?fit=800%2C445&ssl=1","jetpack_sharing_enabled":true,"_links":{"self":[{"href":"https:\/\/cdnoticias.com\/index.php\/wp-json\/wp\/v2\/posts\/140166","targetHints":{"allow":["GET"]}}],"collection":[{"href":"https:\/\/cdnoticias.com\/index.php\/wp-json\/wp\/v2\/posts"}],"about":[{"href":"https:\/\/cdnoticias.com\/index.php\/wp-json\/wp\/v2\/types\/post"}],"author":[{"embeddable":true,"href":"https:\/\/cdnoticias.com\/index.php\/wp-json\/wp\/v2\/users\/5"}],"replies":[{"embeddable":true,"href":"https:\/\/cdnoticias.com\/index.php\/wp-json\/wp\/v2\/comments?post=140166"}],"version-history":[{"count":0,"href":"https:\/\/cdnoticias.com\/index.php\/wp-json\/wp\/v2\/posts\/140166\/revisions"}],"wp:featuredmedia":[{"embeddable":true,"href":"https:\/\/cdnoticias.com\/index.php\/wp-json\/wp\/v2\/media\/140169"}],"wp:attachment":[{"href":"https:\/\/cdnoticias.com\/index.php\/wp-json\/wp\/v2\/media?parent=140166"}],"wp:term":[{"taxonomy":"category","embeddable":true,"href":"https:\/\/cdnoticias.com\/index.php\/wp-json\/wp\/v2\/categories?post=140166"},{"taxonomy":"post_tag","embeddable":true,"href":"https:\/\/cdnoticias.com\/index.php\/wp-json\/wp\/v2\/tags?post=140166"}],"curies":[{"name":"wp","href":"https:\/\/api.w.org\/{rel}","templated":true}]}}