{"id":140152,"date":"2025-01-21T09:01:38","date_gmt":"2025-01-21T12:01:38","guid":{"rendered":"https:\/\/cdnoticias.com\/?p=140152"},"modified":"2025-01-21T09:01:42","modified_gmt":"2025-01-21T12:01:42","slug":"carlos-angel-eiroa-q-e-p-d","status":"publish","type":"post","link":"https:\/\/cdnoticias.com\/index.php\/2025\/01\/21\/carlos-angel-eiroa-q-e-p-d\/","title":{"rendered":"Carlos Angel Eiroa (Q.E.P.D.)"},"content":{"rendered":"<p>Falleci\u00f3 en Olavarr\u00eda el d\u00eda 21 de enero de 2025 a los 79 a\u00f1os de edad.<\/p>\n<p>Su esposa Teresa Cuniolo; sus hijos: Pablo y Mariela; su hermana pol\u00edtica Olga Cuniolo; sus hijos pol\u00edticos: Osvaldo Laffusa y Silvina Baudriz; sus nietos: Florencia, Valent\u00edn, Tom\u00e1s, Serene y dem\u00e1s deudos participan su fallecimiento.<\/p>\n<p>Velatorio:  Espa\u00f1a 2942, Departamento &#8220;D&#8221;. Martes 21\/01 de 19 a 22 y mi\u00e9rcoles 22\/01 de 9 a 9:30 hs. Sin responso. Inhumaci\u00f3n: Cementerio Loma de Paz, mi\u00e9rcoles 22\/01 a las 9:30. Servicio adherido a Coopelectric.<\/p>\n<p>Barrio en el que viv\u00eda: Microcentro<\/p>\n<p>Lugar de nacimiento: Olavarr\u00eda<\/p>\n<p>Actividad que desarrollaba: Jubilado de la Estaci\u00f3n de Servicio ESSO de Gonz\u00e1lez.<\/p>\n","protected":false},"excerpt":{"rendered":"<p>Falleci\u00f3 en Olavarr\u00eda el d\u00eda 21 de enero de 2025 a los 79 a\u00f1os de edad. Su esposa Teresa Cuniolo;<\/p>\n","protected":false},"author":4,"featured_media":51544,"comment_status":"closed","ping_status":"closed","sticky":false,"template":"","format":"standard","meta":{"_jetpack_memberships_contains_paid_content":false,"footnotes":""},"categories":[10],"tags":[],"class_list":["post-140152","post","type-post","status-publish","format-standard","has-post-thumbnail","hentry","category-necrologicas"],"jetpack_featured_media_url":"https:\/\/i0.wp.com\/cdnoticias.com\/wp-content\/uploads\/2022\/04\/necrologicas-390-x-240.jpg?fit=390%2C240&ssl=1","jetpack_sharing_enabled":true,"_links":{"self":[{"href":"https:\/\/cdnoticias.com\/index.php\/wp-json\/wp\/v2\/posts\/140152","targetHints":{"allow":["GET"]}}],"collection":[{"href":"https:\/\/cdnoticias.com\/index.php\/wp-json\/wp\/v2\/posts"}],"about":[{"href":"https:\/\/cdnoticias.com\/index.php\/wp-json\/wp\/v2\/types\/post"}],"author":[{"embeddable":true,"href":"https:\/\/cdnoticias.com\/index.php\/wp-json\/wp\/v2\/users\/4"}],"replies":[{"embeddable":true,"href":"https:\/\/cdnoticias.com\/index.php\/wp-json\/wp\/v2\/comments?post=140152"}],"version-history":[{"count":0,"href":"https:\/\/cdnoticias.com\/index.php\/wp-json\/wp\/v2\/posts\/140152\/revisions"}],"wp:featuredmedia":[{"embeddable":true,"href":"https:\/\/cdnoticias.com\/index.php\/wp-json\/wp\/v2\/media\/51544"}],"wp:attachment":[{"href":"https:\/\/cdnoticias.com\/index.php\/wp-json\/wp\/v2\/media?parent=140152"}],"wp:term":[{"taxonomy":"category","embeddable":true,"href":"https:\/\/cdnoticias.com\/index.php\/wp-json\/wp\/v2\/categories?post=140152"},{"taxonomy":"post_tag","embeddable":true,"href":"https:\/\/cdnoticias.com\/index.php\/wp-json\/wp\/v2\/tags?post=140152"}],"curies":[{"name":"wp","href":"https:\/\/api.w.org\/{rel}","templated":true}]}}