{"id":140129,"date":"2022-12-28T17:00:55","date_gmt":"2022-12-28T20:00:55","guid":{"rendered":"http:\/\/centraldeportes.com.ar\/?p=28814"},"modified":"2025-02-10T21:07:18","modified_gmt":"2025-02-11T00:07:18","slug":"el-basquet-del-leon-despidio-el-ano-con-una-cena","status":"publish","type":"post","link":"https:\/\/cdnoticias.com\/index.php\/2022\/12\/28\/el-basquet-del-leon-despidio-el-ano-con-una-cena\/","title":{"rendered":"El b\u00e1squet del \u201cLe\u00f3n\u201d despidi\u00f3 el a\u00f1o con una cena"},"content":{"rendered":"<p>En el gimnasio, el b\u00e1squet del Club San Mart\u00edn despidi\u00f3 el a\u00f1o. Hubo cena y entrega de agasajos.<\/p>\n<p><!--more--><\/p>\n<hr \/>\n<p>D\u00edas atr\u00e1s, la entidad que preside Federico Zamora y que tiene a Sebasti\u00e1n Mazzoleni como referente de la actividad reuni\u00f3 a jugadores, cuerpo t\u00e9cnico y colaboradores de todas las categor\u00edas para el cierre del a\u00f1o.<\/p>\n<p>&nbsp;<\/p>\n<p><img data-recalc-dims=\"1\" loading=\"lazy\" decoding=\"async\" class=\"aligncenter size-full wp-image-28812\" src=\"https:\/\/i0.wp.com\/centraldeportes.com.ar\/wp-content\/uploads\/2022\/12\/320946655_714599689944196_8458107604688710779_n.jpg?resize=720%2C486\" alt=\"\" width=\"720\" height=\"486\" \/><\/p>\n<p>&nbsp;<\/p>\n<p>La actividad tuvo entrega de distinciones para las categor\u00edas formativas donde se destac\u00f3 el t\u00edtulo en la Copa de Plata para la U17.<\/p>\n","protected":false},"excerpt":{"rendered":"<p>En el gimnasio, el b\u00e1squet del Club San Mart\u00edn despidi\u00f3 el a\u00f1o. Hubo cena y entrega de agasajos.<\/p>\n","protected":false},"author":96739694,"featured_media":151953,"comment_status":"closed","ping_status":"closed","sticky":false,"template":"","format":"standard","meta":{"_jetpack_memberships_contains_paid_content":false,"footnotes":""},"categories":[31,1],"tags":[],"class_list":["post-140129","post","type-post","status-publish","format-standard","has-post-thumbnail","hentry","category-basquet","category-portada"],"jetpack_featured_media_url":"https:\/\/i0.wp.com\/cdnoticias.com\/wp-content\/uploads\/2022\/12\/321248653_2718358098300929_8413052714531943430_n.jpg?fit=720%2C522&ssl=1","jetpack_sharing_enabled":true,"_links":{"self":[{"href":"https:\/\/cdnoticias.com\/index.php\/wp-json\/wp\/v2\/posts\/140129","targetHints":{"allow":["GET"]}}],"collection":[{"href":"https:\/\/cdnoticias.com\/index.php\/wp-json\/wp\/v2\/posts"}],"about":[{"href":"https:\/\/cdnoticias.com\/index.php\/wp-json\/wp\/v2\/types\/post"}],"author":[{"embeddable":true,"href":"https:\/\/cdnoticias.com\/index.php\/wp-json\/wp\/v2\/users\/96739694"}],"replies":[{"embeddable":true,"href":"https:\/\/cdnoticias.com\/index.php\/wp-json\/wp\/v2\/comments?post=140129"}],"version-history":[{"count":0,"href":"https:\/\/cdnoticias.com\/index.php\/wp-json\/wp\/v2\/posts\/140129\/revisions"}],"wp:featuredmedia":[{"embeddable":true,"href":"https:\/\/cdnoticias.com\/index.php\/wp-json\/wp\/v2\/media\/151953"}],"wp:attachment":[{"href":"https:\/\/cdnoticias.com\/index.php\/wp-json\/wp\/v2\/media?parent=140129"}],"wp:term":[{"taxonomy":"category","embeddable":true,"href":"https:\/\/cdnoticias.com\/index.php\/wp-json\/wp\/v2\/categories?post=140129"},{"taxonomy":"post_tag","embeddable":true,"href":"https:\/\/cdnoticias.com\/index.php\/wp-json\/wp\/v2\/tags?post=140129"}],"curies":[{"name":"wp","href":"https:\/\/api.w.org\/{rel}","templated":true}]}}