{"id":140124,"date":"2022-12-27T17:13:28","date_gmt":"2022-12-27T20:13:28","guid":{"rendered":"http:\/\/centraldeportes.com.ar\/?p=28797"},"modified":"2025-02-10T21:06:21","modified_gmt":"2025-02-11T00:06:21","slug":"estudiantes-se-quedo-sin-coordinador-de-futbol-seibel-se-despidio","status":"publish","type":"post","link":"https:\/\/cdnoticias.com\/index.php\/2022\/12\/27\/estudiantes-se-quedo-sin-coordinador-de-futbol-seibel-se-despidio\/","title":{"rendered":"Estudiantes se qued\u00f3 sin Coordinador de F\u00fatbol: Seibel se despidi\u00f3"},"content":{"rendered":"<p>Dardo Seibel eligi\u00f3 las redes sociales para despedirse del Club Estudiantes donde se desempe\u00f1\u00f3 durante m\u00e1s de 10 como Coordinador de F\u00fatbol Menor y en varias oportunidades como entrenador del primer plantel.<!--more--><\/p>\n<hr \/>\n<p>A trav\u00e9s de las redes sociales, Dardo Seibel se despidi\u00f3 de Estudiantes, agradeci\u00f3 a qui\u00e9nes le dieron la oportunidad, a sus compa\u00f1eros de trabajos y a las familias que lo acompa\u00f1aron este proceso de 11 a\u00f1os.<\/p>\n<p>&nbsp;<\/p>\n<p>La carta de despedida del entrenador: \u201c<em>Se cumpli\u00f3 un ciclo de 11 a\u00f1os en el CAE donde se disfrut\u00f3 de cada d\u00eda! Hoy queda agradecer a quienes permitieron que la labor sea la mejor y los logros se hayan cumplido! Desde Ricardo Hoffmann , qui\u00e9n me dio esta oportunidad para iniciar esta linda aventura, y Leonardo Barrionuevo Del Zotto , quien me acompa\u00f1\u00f3 buena parte del proceso&#8230;luego el staff t\u00e9cnico, aquellos profes que hicieron el recorrido o parte de \u00e9l, siempre comprometidos y con gran sentido de pertenencia&#8230;los distintos padres\/madres que participaron en las distintas subcomisiones con el objetivo de mejorar la estructura&#8230;a todas las familias que siempre acompa\u00f1aron&#8230;y a todos los jugadores que me dieron el privilegio de conducir o dirigir en los distintos planteles.<\/em><\/p>\n<p><em>Un agradecimiento infinito al Club Estudiantes, un gran club que me permiti\u00f3 establecer un proyecto en un per\u00edodo extenso y exitoso, donde no solo abarcaba pr\u00e1cticas y partidos, sino viajes, torneos, pruebas, copas de verano e invierno, jornadas, simposios, charlas, etc&#8230;<\/em><\/p>\n<p><em>Ser\u00e1 un hasta siempre o un hasta luego&#8230;lo que importa es el camino recorrido!! Much\u00edsimas gracias bata!!!<\/em>\u201d.<\/p>\n","protected":false},"excerpt":{"rendered":"<p>Dardo Seibel eligi\u00f3 las redes sociales para despedirse del Club Estudiantes donde se desempe\u00f1\u00f3 durante m\u00e1s de 10 como Coordinador<\/p>\n","protected":false},"author":96739694,"featured_media":149997,"comment_status":"closed","ping_status":"closed","sticky":false,"template":"","format":"standard","meta":{"_jetpack_memberships_contains_paid_content":false,"footnotes":""},"categories":[35,40,1],"tags":[],"class_list":["post-140124","post","type-post","status-publish","format-standard","has-post-thumbnail","hentry","category-futbol","category-inferiores","category-portada"],"jetpack_featured_media_url":"https:\/\/i0.wp.com\/cdnoticias.com\/wp-content\/uploads\/2022\/07\/WhatsApp-Image-2022-07-22-at-5.55.08-PM.jpeg?fit=1280%2C847&ssl=1","jetpack_sharing_enabled":true,"_links":{"self":[{"href":"https:\/\/cdnoticias.com\/index.php\/wp-json\/wp\/v2\/posts\/140124","targetHints":{"allow":["GET"]}}],"collection":[{"href":"https:\/\/cdnoticias.com\/index.php\/wp-json\/wp\/v2\/posts"}],"about":[{"href":"https:\/\/cdnoticias.com\/index.php\/wp-json\/wp\/v2\/types\/post"}],"author":[{"embeddable":true,"href":"https:\/\/cdnoticias.com\/index.php\/wp-json\/wp\/v2\/users\/96739694"}],"replies":[{"embeddable":true,"href":"https:\/\/cdnoticias.com\/index.php\/wp-json\/wp\/v2\/comments?post=140124"}],"version-history":[{"count":0,"href":"https:\/\/cdnoticias.com\/index.php\/wp-json\/wp\/v2\/posts\/140124\/revisions"}],"wp:featuredmedia":[{"embeddable":true,"href":"https:\/\/cdnoticias.com\/index.php\/wp-json\/wp\/v2\/media\/149997"}],"wp:attachment":[{"href":"https:\/\/cdnoticias.com\/index.php\/wp-json\/wp\/v2\/media?parent=140124"}],"wp:term":[{"taxonomy":"category","embeddable":true,"href":"https:\/\/cdnoticias.com\/index.php\/wp-json\/wp\/v2\/categories?post=140124"},{"taxonomy":"post_tag","embeddable":true,"href":"https:\/\/cdnoticias.com\/index.php\/wp-json\/wp\/v2\/tags?post=140124"}],"curies":[{"name":"wp","href":"https:\/\/api.w.org\/{rel}","templated":true}]}}