{"id":14012,"date":"2021-02-17T19:58:20","date_gmt":"2021-02-17T22:58:20","guid":{"rendered":"http:\/\/www.centraldenoticias.com.ar\/?p=14012"},"modified":"2021-02-17T19:58:20","modified_gmt":"2021-02-17T22:58:20","slug":"entregaron-subsidios-a-establecimientos-que-no-pudieron-trabajar-durante-la-pandemia","status":"publish","type":"post","link":"https:\/\/cdnoticias.com\/index.php\/2021\/02\/17\/entregaron-subsidios-a-establecimientos-que-no-pudieron-trabajar-durante-la-pandemia\/","title":{"rendered":"Entregaron subsidios a establecimientos que no pudieron trabajar durante la pandemia"},"content":{"rendered":"<p>M\u00e1s de 1 mill\u00f3n de pesos destin\u00f3 el programa de Fortalecimiento y Asistencia para entidades y establecimientos comerciales de Olavarr\u00eda que se vieron perjudicados por la situaci\u00f3n sanitaria.<!--more--><\/p>\n<hr \/>\n<p>El Municipio entreg\u00f3 subsidios -en el marco de un programa de Fortalecimiento y Asistencia- a<strong> entidades y establecimientos comerciales de Olavarr\u00eda que no pudieron trabajar durante la pandemia.<\/strong> En el acto, estuvieron presentes el intendente interino Juan Mujica, los secretarios de Desarrollo Econ\u00f3mico Julio Valetutto y de Desarrollo Humano y Calidad de Vida Diego Robbiani y dem\u00e1s funcionarios.<\/p>\n<p>&nbsp;<\/p>\n<p>Concretamente <strong>48 titulares de actividades comerciales, entidades de bien p\u00fablico, instituciones culturales y deportivas sin fines de lucro<\/strong> recibieron cada uno 25 mil pesos, en concepto de subsidio \u00fanico no reintegrable, totalizando una <strong>suma global de 1.200.000 pesos.<\/strong><\/p>\n<p>&nbsp;<\/p>\n<p>El <strong>secretario de Desarrollo Econ\u00f3mico Julio Valetutto<\/strong> manifest\u00f3 que <em>\u201csabemos lo complicado que fue el a\u00f1o pasado, por eso agradecemos el esfuerzo que hicieron y hacen y nosotros tratamos de estar cerca de todos\u201d.<\/em><\/p>\n<p>&nbsp;<\/p>\n<p><img data-recalc-dims=\"1\" loading=\"lazy\" decoding=\"async\" class=\"alignnone size-full wp-image-14016\" src=\"https:\/\/i0.wp.com\/cdnoticias.com\/wp-content\/uploads\/2021\/02\/DH-y-DE-Entrega-subsidios-4.jpg?resize=640%2C427&#038;ssl=1\" alt=\"\" width=\"640\" height=\"427\" srcset=\"https:\/\/i0.wp.com\/cdnoticias.com\/wp-content\/uploads\/2021\/02\/DH-y-DE-Entrega-subsidios-4.jpg?w=640&amp;ssl=1 640w, https:\/\/i0.wp.com\/cdnoticias.com\/wp-content\/uploads\/2021\/02\/DH-y-DE-Entrega-subsidios-4.jpg?resize=300%2C200&amp;ssl=1 300w, https:\/\/i0.wp.com\/cdnoticias.com\/wp-content\/uploads\/2021\/02\/DH-y-DE-Entrega-subsidios-4.jpg?resize=272%2C182&amp;ssl=1 272w\" sizes=\"auto, (max-width: 640px) 100vw, 640px\" \/><\/p>\n<p>&nbsp;<\/p>\n<blockquote><p>Tenemos la esperanza que este a\u00f1o va a ser mejor y el Municipio va a estar tambi\u00e9n para cuando lo requieran, asegur\u00f3 Valetutto.<\/p><\/blockquote>\n<p>&nbsp;<\/p>\n<p><em>\u201cEste fondo de Fortalecimiento y Asistencia se cre\u00f3 con el prop\u00f3sito de brindar una ayuda a emprendedores y entidades, que tuvieron un a\u00f1o muy dif\u00edcil, con mucho sacrificio para mantener en pie sus proyectos\u201d<\/em>, sostuvo el <strong>secretario de Desarrollo Humano y Calidad de Vida Diego Robbiani.<\/strong><\/p>\n<p>&nbsp;<\/p>\n<p>Asimismo, indic\u00f3 que <em>\u201cquiz\u00e1 el monto no es significativo, pero es nuestra manera de acompa\u00f1ar, teniendo en cuenta la situaci\u00f3n econ\u00f3mica del contexto actual\u201d.<\/em><\/p>\n<p>&nbsp;<\/p>\n<p>Finalmente agreg\u00f3 que se trata de un trabajo articulado entre <em>\u201clos equipos de Desarrollo Humano y Calidad de Vida, Desarrollo Econ\u00f3mico y Hacienda, para que se pueda sostener este fondo y brindarlo a quienes se vieron afectados por la Emergencia Sanitaria\u201d.<\/em><\/p>\n<p>&nbsp;<\/p>\n<p><img data-recalc-dims=\"1\" loading=\"lazy\" decoding=\"async\" class=\"alignnone size-full wp-image-14015\" src=\"https:\/\/i0.wp.com\/cdnoticias.com\/wp-content\/uploads\/2021\/02\/DH-y-DE-Entrega-subsidios-1.jpg?resize=640%2C427&#038;ssl=1\" alt=\"\" width=\"640\" height=\"427\" srcset=\"https:\/\/i0.wp.com\/cdnoticias.com\/wp-content\/uploads\/2021\/02\/DH-y-DE-Entrega-subsidios-1.jpg?w=640&amp;ssl=1 640w, https:\/\/i0.wp.com\/cdnoticias.com\/wp-content\/uploads\/2021\/02\/DH-y-DE-Entrega-subsidios-1.jpg?resize=300%2C200&amp;ssl=1 300w, https:\/\/i0.wp.com\/cdnoticias.com\/wp-content\/uploads\/2021\/02\/DH-y-DE-Entrega-subsidios-1.jpg?resize=272%2C182&amp;ssl=1 272w\" sizes=\"auto, (max-width: 640px) 100vw, 640px\" \/><\/p>\n<p>&nbsp;<\/p>\n<p><strong>El programa\u00a0Fortalecimiento y Asistencia<\/strong><\/p>\n<p>&nbsp;<\/p>\n<p>En el mes de noviembre del a\u00f1o pasado, el intendente Ezequiel Galli dispuso la creaci\u00f3n de dicho programa, comprendiendo la dif\u00edcil situaci\u00f3n que se encontraban atravesando numerosas entidades, comercios, emprendedores de Olavarr\u00eda, producto de las medidas adoptadas en el marco de la emergencia sanitaria, para cuidar la salud de toda la poblaci\u00f3n.<\/p>\n<p>&nbsp;<\/p>\n<p>En este sentido, se habilit\u00f3 la<strong> inscripci\u00f3n al registro previo con requisitos puntuales<\/strong> y posteriormente se realiz\u00f3 un an\u00e1lisis pormenorizado de las entidades y establecimientos, que estuvo a cargo de los equipos de Secretar\u00eda de Desarrollo Humano y Calidad de Vida como as\u00ed tambi\u00e9n de la Secretar\u00eda de Desarrollo Econ\u00f3mico.<\/p>\n<p>&nbsp;<\/p>\n<p>Este trabajo conjunto permiti\u00f3 que<strong> titulares de diferentes rubros (fotograf\u00eda, gimnasios, ambientaci\u00f3n de eventos, sonido e iluminaci\u00f3n, peloteros, espect\u00e1culos musicales, hoteler\u00eda, dise\u00f1o y confecci\u00f3n, entre otros) pudieran contar con dicha ayuda econ\u00f3mica<\/strong>, considerando que durante la pandemia se vieron afectados de forma directa, peligrando sus fuentes laborales y la supervivencia de estos espacios, que se forjaron con el enorme esfuerzo de muchos olavarrienses.<\/p>\n<p>&nbsp;<\/p>\n<p>Espec\u00edficamente el decreto abarca a<strong> entidades y establecimientos comerciales que no contaban con autorizaci\u00f3n para funcionar ininterrumpidamente por m\u00e1s de dos meses<\/strong>, entre el 20 de marzo y el 2 de noviembre de 2020.<\/p>\n","protected":false},"excerpt":{"rendered":"<p>M\u00e1s de 1 mill\u00f3n de pesos destin\u00f3 el programa de Fortalecimiento y Asistencia para entidades y establecimientos comerciales de Olavarr\u00eda<\/p>\n","protected":false},"author":5,"featured_media":14014,"comment_status":"closed","ping_status":"closed","sticky":false,"template":"","format":"standard","meta":{"_jetpack_memberships_contains_paid_content":false,"footnotes":""},"categories":[5,1],"tags":[],"class_list":["post-14012","post","type-post","status-publish","format-standard","has-post-thumbnail","hentry","category-informacion-general","category-portada"],"jetpack_featured_media_url":"https:\/\/i0.wp.com\/cdnoticias.com\/wp-content\/uploads\/2021\/02\/DH-y-DE-Entrega-subsidios.jpg?fit=640%2C427&ssl=1","jetpack_sharing_enabled":true,"_links":{"self":[{"href":"https:\/\/cdnoticias.com\/index.php\/wp-json\/wp\/v2\/posts\/14012","targetHints":{"allow":["GET"]}}],"collection":[{"href":"https:\/\/cdnoticias.com\/index.php\/wp-json\/wp\/v2\/posts"}],"about":[{"href":"https:\/\/cdnoticias.com\/index.php\/wp-json\/wp\/v2\/types\/post"}],"author":[{"embeddable":true,"href":"https:\/\/cdnoticias.com\/index.php\/wp-json\/wp\/v2\/users\/5"}],"replies":[{"embeddable":true,"href":"https:\/\/cdnoticias.com\/index.php\/wp-json\/wp\/v2\/comments?post=14012"}],"version-history":[{"count":0,"href":"https:\/\/cdnoticias.com\/index.php\/wp-json\/wp\/v2\/posts\/14012\/revisions"}],"wp:featuredmedia":[{"embeddable":true,"href":"https:\/\/cdnoticias.com\/index.php\/wp-json\/wp\/v2\/media\/14014"}],"wp:attachment":[{"href":"https:\/\/cdnoticias.com\/index.php\/wp-json\/wp\/v2\/media?parent=14012"}],"wp:term":[{"taxonomy":"category","embeddable":true,"href":"https:\/\/cdnoticias.com\/index.php\/wp-json\/wp\/v2\/categories?post=14012"},{"taxonomy":"post_tag","embeddable":true,"href":"https:\/\/cdnoticias.com\/index.php\/wp-json\/wp\/v2\/tags?post=14012"}],"curies":[{"name":"wp","href":"https:\/\/api.w.org\/{rel}","templated":true}]}}