{"id":140118,"date":"2022-12-24T21:22:56","date_gmt":"2022-12-25T00:22:56","guid":{"rendered":"http:\/\/centraldeportes.com.ar\/?p=28771"},"modified":"2025-02-10T20:48:24","modified_gmt":"2025-02-10T23:48:24","slug":"embajadores-bautizo-a-las-cabinas-con-el-nombre-lucas-janson","status":"publish","type":"post","link":"https:\/\/cdnoticias.com\/index.php\/2022\/12\/24\/embajadores-bautizo-a-las-cabinas-con-el-nombre-lucas-janson\/","title":{"rendered":"Embajadores bautiz\u00f3 a las cabinas con el nombre \u201cLucas Janson\u201d"},"content":{"rendered":"<p>Este s\u00e1bado en un breve acto, el Club Embajadores realiz\u00f3 la inauguraci\u00f3n oficial de la cabina &#8220;Lucas Janson&#8221; con la presencia del deportista olavarriense.<!--more--><\/p>\n<hr \/>\n<p>Lucas Janson particip\u00f3 este s\u00e1bado de la inauguraci\u00f3n del contenedor del Tete Di Carlo \u00a0donde funcionan las cabinas de transmisi\u00f3n y que ahora llevan su nombre.<\/p>\n<p>Participaron del homenaje, adem\u00e1s del deportista olavarriense figura en V\u00e9lez Sarsfield, Fernando Di Carlo y dem\u00e1s representantes del Club Embajadores, Juan Agust\u00edn Galli en representaci\u00f3n de la Municipalidad de Olavarr\u00eda y Pablo Palahy, presidente de la Liga de F\u00fatbol de Olavarr\u00eda.<\/p>\n<p>&nbsp;<\/p>\n<p>[soliloquy id=&#8221;28774&#8243;]<\/p>\n<p>&nbsp;<\/p>\n<p>\u201c<strong><em>Este momento es especial para el Club y para Lucas, es una forma de reconocer todo lo que hizo cuando estuvo ac\u00e1 y lo que hace y la mejor forma era esta, darle en el club un lugar con su nombre<\/em><\/strong>\u201d, dijo Fernando Di Carlo comenzando con el discurso de la inaugraci\u00f3n y agreg\u00f3: \u201c<em>Sos un ejemplo no s\u00f3lo para el club sino para toda Olavarr\u00eda<\/em>\u201d.<\/p>\n<p>&nbsp;<\/p>\n<p>Tambi\u00e9n hablaron Galli y Palahy y reconocieron que \u201c<em>Olavarr\u00eda est\u00e1 muy bien representada<\/em>\u201d y \u201c<em>que todo este reconocimiento es por las horas de entrenamiento y sacrificio<\/em>\u201d, antes de que Lucas Janson agradeciera por la distinci\u00f3n y accediera a sacarse fotos con todos los presentes.<\/p>\n","protected":false},"excerpt":{"rendered":"<p>Este s\u00e1bado en un breve acto, el Club Embajadores realiz\u00f3 la inauguraci\u00f3n oficial de la cabina &#8220;Lucas Janson&#8221; con la<\/p>\n","protected":false},"author":96739694,"featured_media":151546,"comment_status":"closed","ping_status":"closed","sticky":false,"template":"","format":"standard","meta":{"_jetpack_memberships_contains_paid_content":false,"footnotes":""},"categories":[35,37,1],"tags":[],"class_list":["post-140118","post","type-post","status-publish","format-standard","has-post-thumbnail","hentry","category-futbol","category-futbol-profesional","category-portada"],"jetpack_featured_media_url":"https:\/\/i0.wp.com\/cdnoticias.com\/wp-content\/uploads\/2022\/12\/cabina-janson-3.png?fit=1280%2C853&ssl=1","jetpack_sharing_enabled":true,"_links":{"self":[{"href":"https:\/\/cdnoticias.com\/index.php\/wp-json\/wp\/v2\/posts\/140118","targetHints":{"allow":["GET"]}}],"collection":[{"href":"https:\/\/cdnoticias.com\/index.php\/wp-json\/wp\/v2\/posts"}],"about":[{"href":"https:\/\/cdnoticias.com\/index.php\/wp-json\/wp\/v2\/types\/post"}],"author":[{"embeddable":true,"href":"https:\/\/cdnoticias.com\/index.php\/wp-json\/wp\/v2\/users\/96739694"}],"replies":[{"embeddable":true,"href":"https:\/\/cdnoticias.com\/index.php\/wp-json\/wp\/v2\/comments?post=140118"}],"version-history":[{"count":0,"href":"https:\/\/cdnoticias.com\/index.php\/wp-json\/wp\/v2\/posts\/140118\/revisions"}],"wp:featuredmedia":[{"embeddable":true,"href":"https:\/\/cdnoticias.com\/index.php\/wp-json\/wp\/v2\/media\/151546"}],"wp:attachment":[{"href":"https:\/\/cdnoticias.com\/index.php\/wp-json\/wp\/v2\/media?parent=140118"}],"wp:term":[{"taxonomy":"category","embeddable":true,"href":"https:\/\/cdnoticias.com\/index.php\/wp-json\/wp\/v2\/categories?post=140118"},{"taxonomy":"post_tag","embeddable":true,"href":"https:\/\/cdnoticias.com\/index.php\/wp-json\/wp\/v2\/tags?post=140118"}],"curies":[{"name":"wp","href":"https:\/\/api.w.org\/{rel}","templated":true}]}}