{"id":140113,"date":"2022-12-23T20:24:15","date_gmt":"2022-12-23T23:24:15","guid":{"rendered":"http:\/\/centraldeportes.com.ar\/?p=28753"},"modified":"2025-02-10T20:45:36","modified_gmt":"2025-02-10T23:45:36","slug":"en-el-club-loma-negra-taekwondistas-dieron-el-ultimo-examen-del-ano","status":"publish","type":"post","link":"https:\/\/cdnoticias.com\/index.php\/2022\/12\/23\/en-el-club-loma-negra-taekwondistas-dieron-el-ultimo-examen-del-ano\/","title":{"rendered":"En el Club Loma Negra, taekwondistas dieron el \u00faltimo examen del a\u00f1o"},"content":{"rendered":"<p>En instalaciones del Club Loma Negra se realiz\u00f3 el \u00faltimo examen del a\u00f1o con nutrida presencia de representantes locales y de la regi\u00f3n.<!--more--><\/p>\n<hr \/>\n<p>La evaluaci\u00f3n estuvo a cargo del Maestro Andr\u00e9s Carosella\u00a0 y los Sabum Nim Juan Lopetegui, Mat\u00edas Moretti, Gaston Ceccarelli, Bel\u00e9n Lopardo y Lorena Ingliso.<\/p>\n<p>&nbsp;<\/p>\n<p>El alumno 2\u00ba Dan Juan Ignacio Bichi logr\u00f3 el cintur\u00f3n negro al igual que los 1\u00b0 Dan Sebasti\u00e1n Aman, Santiago Galbucera, Mateo Larra\u00f1aga, Rom\u00e1n Grassetti, el cintur\u00f3n rojo punta negra fue para Gonzalo Salvaresqui y el cintur\u00f3n rojo para Ulises Gerbstsomer.<\/p>\n<p>&nbsp;<\/p>\n<p>Miqueas Echegaray obtuvo cintur\u00f3n punta roja, el cintur\u00f3n azul fue para \u00a0Joaqu\u00edn Corrales, Luka Rojas, Genaro Weimann, Bruno Salvaresqui y el cintur\u00f3n punta azul para Jayko L\u00f3pez y Mar\u00eda Esp\u00ednola.<\/p>\n<p>&nbsp;<\/p>\n<p>Jos\u00e9 Vivas, Eluney Becker, Pablo Pradas Ostertag, Luciano Chiarenza, Leon Basualdo, Lola Sibiglia y Camila Sibiglia estrenar\u00e1n el cintur\u00f3n verde en 2023 y con punta verde ser\u00e1n Natalia Roldan, Joaqu\u00edn Miriuka, Bladimir Pacheco, Benjam\u00edn Nasello, Bautista Nasello, Halle Galo Garc\u00eda, Santiago Sim\u00f3n Quiroga, Martina San Juan, Santino \u00c1lvarez, Iam Mato y Milagros S\u00e1nchez.<\/p>\n<p>&nbsp;<\/p>\n<p>Adem\u00e1s, lograron el cintur\u00f3n amarillo Thiago Gisler, Joaqu\u00edn Baumler, Valentino Scoles, Mirco Mendoza, Samira Maier, David Lete, Renata Oliva, Francisco Vidal S\u00e1nchez, Mailen Rodr\u00edguez y Agostina P\u00e9rez y punta amarilla para Ariana Pallotto, Delfina Niz, Tiziano Sguazza, Celeste Martell, Franchesca Sosa, Geraldine Molina, Morena Ingliso, Eva Della Bianca Mancilella, Donato Carlino, Mar\u00eda Paz Dietz y Pierina Clarens.<\/p>\n<p>&nbsp;<\/p>\n","protected":false},"excerpt":{"rendered":"<p>En instalaciones del Club Loma Negra se realiz\u00f3 el \u00faltimo examen del a\u00f1o con nutrida presencia de representantes locales y<\/p>\n","protected":false},"author":96739694,"featured_media":150843,"comment_status":"closed","ping_status":"closed","sticky":false,"template":"","format":"standard","meta":{"_jetpack_memberships_contains_paid_content":false,"footnotes":""},"categories":[30,1],"tags":[],"class_list":["post-140113","post","type-post","status-publish","format-standard","has-post-thumbnail","hentry","category-polideportivo","category-portada"],"jetpack_featured_media_url":"https:\/\/i0.wp.com\/cdnoticias.com\/wp-content\/uploads\/2022\/12\/WhatsApp-Image-2022-12-23-at-18.44.17-e1671837842199.jpeg?fit=1600%2C820&ssl=1","jetpack_sharing_enabled":true,"_links":{"self":[{"href":"https:\/\/cdnoticias.com\/index.php\/wp-json\/wp\/v2\/posts\/140113","targetHints":{"allow":["GET"]}}],"collection":[{"href":"https:\/\/cdnoticias.com\/index.php\/wp-json\/wp\/v2\/posts"}],"about":[{"href":"https:\/\/cdnoticias.com\/index.php\/wp-json\/wp\/v2\/types\/post"}],"author":[{"embeddable":true,"href":"https:\/\/cdnoticias.com\/index.php\/wp-json\/wp\/v2\/users\/96739694"}],"replies":[{"embeddable":true,"href":"https:\/\/cdnoticias.com\/index.php\/wp-json\/wp\/v2\/comments?post=140113"}],"version-history":[{"count":0,"href":"https:\/\/cdnoticias.com\/index.php\/wp-json\/wp\/v2\/posts\/140113\/revisions"}],"wp:featuredmedia":[{"embeddable":true,"href":"https:\/\/cdnoticias.com\/index.php\/wp-json\/wp\/v2\/media\/150843"}],"wp:attachment":[{"href":"https:\/\/cdnoticias.com\/index.php\/wp-json\/wp\/v2\/media?parent=140113"}],"wp:term":[{"taxonomy":"category","embeddable":true,"href":"https:\/\/cdnoticias.com\/index.php\/wp-json\/wp\/v2\/categories?post=140113"},{"taxonomy":"post_tag","embeddable":true,"href":"https:\/\/cdnoticias.com\/index.php\/wp-json\/wp\/v2\/tags?post=140113"}],"curies":[{"name":"wp","href":"https:\/\/api.w.org\/{rel}","templated":true}]}}