{"id":140109,"date":"2022-12-23T13:59:45","date_gmt":"2022-12-23T16:59:45","guid":{"rendered":"http:\/\/centraldeportes.com.ar\/?p=28741"},"modified":"2025-02-03T01:57:26","modified_gmt":"2025-02-03T04:57:26","slug":"habra-cena-de-fin-de-ano-en-la-asociacion-de-bochas-de-olavarria","status":"publish","type":"post","link":"https:\/\/cdnoticias.com\/index.php\/2022\/12\/23\/habra-cena-de-fin-de-ano-en-la-asociacion-de-bochas-de-olavarria\/","title":{"rendered":"Habr\u00e1 cena de fin de a\u00f1o en la Asociaci\u00f3n de Bochas de Olavarr\u00eda"},"content":{"rendered":"<p>La Asociaci\u00f3n de Bochas \u201cCiudad de Olavarr\u00eda\u201d despedir\u00e1, el pr\u00f3ximo martes, el a\u00f1o con una cena homenaje a sus representantes.<\/p>\n<p><!--more--><\/p>\n<hr \/>\n<p>En el Club \u00c1lvaro Barros se realizar\u00e1 la cena de la Asociaci\u00f3n de Bochas de Olavarr\u00eda donde se realizar\u00e1 la premiaci\u00f3n a los ganadores de los distintos torneos bajo la \u00f3rbita de la entidad que rige los destinos de esta disciplina en nuestra ciudad, adem\u00e1s de otros reconocimientos.<\/p>\n<p>&nbsp;<\/p>\n<p>Los premiados:<\/p>\n<p>\u201cMemorial Rub\u00e9n Rutilio Gorosito\u201d: Categor\u00eda Individual: Juan Pablo Notararigo y Martin Orradre, 1\u00b0 y 2\u00b0.<\/p>\n<p>Oficial de Parejas de Primera: San Mart\u00edn (Ever Hammersmicht \u2013 Gast\u00f3n Tisera- Carlos Villa) y Pueblo Nuevo (Juan Pablo Notararigo, Diego Clar, Roberto Vallejos)<\/p>\n<p>Oficial de Parejas de Segunda: Pueblo Nuevo (Notararigo, Lis y Vel\u00e1zquez) y Fort\u00edn Tradicionalista (Guadalupe Serantes, Lorenzo y Am\u00edlcar Fern\u00e1ndez).<\/p>\n<p>En Tr\u00edos de Primera: Pueblo Nuevo (Vallejos, Vel\u00e1zquez, Lis y Notararigo) y San Mart\u00edn (Tisera, Ruppel, Villa y Hammersmichdt) y en Segunda: Fort\u00edn Tradicionalista (Guadalupe y Jerem\u00edas Serantes, Lorenzo y Am\u00edlcar Fern\u00e1ndez) y \u00c1lvaro Barros (Cerdera, Dobler, Galv\u00e1n y Wagner).<\/p>\n<p>Oficial Individual: 1\u00b0 Juan Pablo Notararigo y 2\u00b0 Ever Hammesmichdt<\/p>\n<p>Torneo D\u00eda de la Madre: Guadalupe Serantes y Lorenzo Fern\u00e1ndez de Fort\u00edn Tradicionalista y Alicia Colo y Daniel Miceli (El Fort\u00edn).<\/p>\n<p>Torneo D\u00eda del Boch\u00f3filo: Fort\u00edn Tradicionalista (Carlos Gadea, Guadalupe, Daniel y Nicol\u00e1s Serantes) y Pueblo Nuevo (Vallejos, Sbardolini, Lis y Notararigo).<\/p>\n","protected":false},"excerpt":{"rendered":"<p>La Asociaci\u00f3n de Bochas \u201cCiudad de Olavarr\u00eda\u201d despedir\u00e1, el pr\u00f3ximo martes, el a\u00f1o con una cena homenaje a sus representantes.<\/p>\n","protected":false},"author":96739694,"featured_media":150808,"comment_status":"closed","ping_status":"closed","sticky":false,"template":"","format":"standard","meta":{"_jetpack_memberships_contains_paid_content":false,"footnotes":""},"categories":[30,1],"tags":[],"class_list":["post-140109","post","type-post","status-publish","format-standard","has-post-thumbnail","hentry","category-polideportivo","category-portada"],"jetpack_featured_media_url":"https:\/\/i0.wp.com\/cdnoticias.com\/wp-content\/uploads\/2022\/09\/bochas-6.jpeg?fit=1500%2C1000&ssl=1","jetpack_sharing_enabled":true,"_links":{"self":[{"href":"https:\/\/cdnoticias.com\/index.php\/wp-json\/wp\/v2\/posts\/140109","targetHints":{"allow":["GET"]}}],"collection":[{"href":"https:\/\/cdnoticias.com\/index.php\/wp-json\/wp\/v2\/posts"}],"about":[{"href":"https:\/\/cdnoticias.com\/index.php\/wp-json\/wp\/v2\/types\/post"}],"author":[{"embeddable":true,"href":"https:\/\/cdnoticias.com\/index.php\/wp-json\/wp\/v2\/users\/96739694"}],"replies":[{"embeddable":true,"href":"https:\/\/cdnoticias.com\/index.php\/wp-json\/wp\/v2\/comments?post=140109"}],"version-history":[{"count":0,"href":"https:\/\/cdnoticias.com\/index.php\/wp-json\/wp\/v2\/posts\/140109\/revisions"}],"wp:featuredmedia":[{"embeddable":true,"href":"https:\/\/cdnoticias.com\/index.php\/wp-json\/wp\/v2\/media\/150808"}],"wp:attachment":[{"href":"https:\/\/cdnoticias.com\/index.php\/wp-json\/wp\/v2\/media?parent=140109"}],"wp:term":[{"taxonomy":"category","embeddable":true,"href":"https:\/\/cdnoticias.com\/index.php\/wp-json\/wp\/v2\/categories?post=140109"},{"taxonomy":"post_tag","embeddable":true,"href":"https:\/\/cdnoticias.com\/index.php\/wp-json\/wp\/v2\/tags?post=140109"}],"curies":[{"name":"wp","href":"https:\/\/api.w.org\/{rel}","templated":true}]}}