{"id":140104,"date":"2022-12-22T17:09:34","date_gmt":"2022-12-22T20:09:34","guid":{"rendered":"http:\/\/centraldeportes.com.ar\/?p=28714"},"modified":"2025-02-03T01:47:15","modified_gmt":"2025-02-03T04:47:15","slug":"mundialito-qatar-en-las-carceles-locales","status":"publish","type":"post","link":"https:\/\/cdnoticias.com\/index.php\/2022\/12\/22\/mundialito-qatar-en-las-carceles-locales\/","title":{"rendered":"\u201cMundialito Qatar\u201d en las c\u00e1rceles locales"},"content":{"rendered":"<p>Los internos de las Unidades Penitenciarias N\u00b038 y N\u00b02 tuvieron su \u201cMundialito Qatar\u201d que estuvo organizado y \u00a0supervisado por los profesores de educaci\u00f3n f\u00edsica que integran el \u00c1rea Deportes de cada dependencia carcelaria se llev\u00f3 a cabo el campeonato mundial.<!--more--><\/p>\n<hr \/>\n<p>El torneo fue un campeonato de f\u00fatbol 8 divido por zonas donde cada pabell\u00f3n represent\u00f3 un pa\u00eds de aquellos que se encuentran jugando la Copa del Mundo. La modalidad para el evento interpabellones es similar a la que se viene desarrollando en encuentros anteriores de este tipo, bajo la modalidad simple eliminaci\u00f3n y finalmente el ganador del sector de mediana seguridad se medir\u00e1 con el de m\u00e1xima seguridad.<\/p>\n<p>&nbsp;<\/p>\n<p>\u201c<em>Participan todos los pabellones y se sum\u00f3 un equipo de internos del r\u00e9gimen abierto. La idea es disputar el torneo en simultaneo con el Mundial de Qatar y finalizarlo a mediados de diciembre<\/em>\u201d, indic\u00f3 el profesor Jos\u00e9 Mar\u00eda L\u00f3pez de la Unidad N\u00b017, que junto al profesor Franco Gonz\u00e1lez llevan adelante la coordinaci\u00f3n de la actividad.<\/p>\n<p>&nbsp;<\/p>\n<p>\u201c<em>Las actividades deportivas constituyen una parte muy importante dentro de las propuestas tratamentales con los detenidos, poder ensamblar en contexto de encierro un evento tan importante como el Mundial y tan popular como el f\u00fatbol es sumamente interesante para los privados de la libertad<\/em>\u201d, expres\u00f3 el Subdirector de Asistencia y Tratamiento de la c\u00e1rcel de Urdampilleta, Prefecto Sergio Braun.<\/p>\n<p>&nbsp;<\/p>\n<p>En la Unidad 38, el profesor Ever Vitaliani destac\u00f3 que \u201c<em>es una propuesta interesante que no s\u00f3lo se vive por televisi\u00f3n, sino que adem\u00e1s es una motivaci\u00f3n extra para intercambiar experiencias en estos encuentros en contexto de encierro<\/em>\u201d.<\/p>\n<p>&nbsp;<\/p>\n<p>&nbsp;<\/p>\n<p>&nbsp;<\/p>\n","protected":false},"excerpt":{"rendered":"<p>Los internos de las Unidades Penitenciarias N\u00b038 y N\u00b02 tuvieron su \u201cMundialito Qatar\u201d que estuvo organizado y \u00a0supervisado por los<\/p>\n","protected":false},"author":96739694,"featured_media":150663,"comment_status":"closed","ping_status":"closed","sticky":false,"template":"","format":"standard","meta":{"_jetpack_memberships_contains_paid_content":false,"footnotes":""},"categories":[35,1],"tags":[],"class_list":["post-140104","post","type-post","status-publish","format-standard","has-post-thumbnail","hentry","category-futbol","category-portada"],"jetpack_featured_media_url":"https:\/\/i0.wp.com\/cdnoticias.com\/wp-content\/uploads\/2022\/12\/CCZS-Mundialito-Qatar-2022-Diciembre-U38a1.jpg?fit=640%2C475&ssl=1","jetpack_sharing_enabled":true,"_links":{"self":[{"href":"https:\/\/cdnoticias.com\/index.php\/wp-json\/wp\/v2\/posts\/140104","targetHints":{"allow":["GET"]}}],"collection":[{"href":"https:\/\/cdnoticias.com\/index.php\/wp-json\/wp\/v2\/posts"}],"about":[{"href":"https:\/\/cdnoticias.com\/index.php\/wp-json\/wp\/v2\/types\/post"}],"author":[{"embeddable":true,"href":"https:\/\/cdnoticias.com\/index.php\/wp-json\/wp\/v2\/users\/96739694"}],"replies":[{"embeddable":true,"href":"https:\/\/cdnoticias.com\/index.php\/wp-json\/wp\/v2\/comments?post=140104"}],"version-history":[{"count":0,"href":"https:\/\/cdnoticias.com\/index.php\/wp-json\/wp\/v2\/posts\/140104\/revisions"}],"wp:featuredmedia":[{"embeddable":true,"href":"https:\/\/cdnoticias.com\/index.php\/wp-json\/wp\/v2\/media\/150663"}],"wp:attachment":[{"href":"https:\/\/cdnoticias.com\/index.php\/wp-json\/wp\/v2\/media?parent=140104"}],"wp:term":[{"taxonomy":"category","embeddable":true,"href":"https:\/\/cdnoticias.com\/index.php\/wp-json\/wp\/v2\/categories?post=140104"},{"taxonomy":"post_tag","embeddable":true,"href":"https:\/\/cdnoticias.com\/index.php\/wp-json\/wp\/v2\/tags?post=140104"}],"curies":[{"name":"wp","href":"https:\/\/api.w.org\/{rel}","templated":true}]}}