{"id":14010,"date":"2021-02-17T19:17:39","date_gmt":"2021-02-17T22:17:39","guid":{"rendered":"http:\/\/www.centraldenoticias.com.ar\/?p=14010"},"modified":"2021-02-17T19:17:39","modified_gmt":"2021-02-17T22:17:39","slug":"este-jueves-inicia-la-vacunacion-para-mayores-de-70-anos","status":"publish","type":"post","link":"https:\/\/cdnoticias.com\/index.php\/2021\/02\/17\/este-jueves-inicia-la-vacunacion-para-mayores-de-70-anos\/","title":{"rendered":"Este jueves inicia la vacunaci\u00f3n para mayores de 70 a\u00f1os"},"content":{"rendered":"<p>Ser\u00e1 en la Escuela de Educaci\u00f3n Secundaria 1 y en la Mutual Carlos Alberto Moreno, de Suteba. Comenzar\u00e1 a partir de las 11.<!--more--><\/p>\n<hr \/>\n<p>Sobre el cierre de la ma\u00f1ana de este jueves se<strong> dar\u00e1 inicio a la vacunaci\u00f3n de adultos mayores de m\u00e1s de 70 a\u00f1os<\/strong>, tal cual hab\u00eda sido anunciado en las \u00faltimas horas.<\/p>\n<p>&nbsp;<\/p>\n<p><img data-recalc-dims=\"1\" loading=\"lazy\" decoding=\"async\" class=\"alignnone size-full wp-image-13847\" src=\"https:\/\/i0.wp.com\/cdnoticias.com\/wp-content\/uploads\/2021\/02\/suteba-mutual-moreno-vacunacion.jpg?resize=800%2C370&#038;ssl=1\" alt=\"\" width=\"800\" height=\"370\" srcset=\"https:\/\/i0.wp.com\/cdnoticias.com\/wp-content\/uploads\/2021\/02\/suteba-mutual-moreno-vacunacion.jpg?w=868&amp;ssl=1 868w, https:\/\/i0.wp.com\/cdnoticias.com\/wp-content\/uploads\/2021\/02\/suteba-mutual-moreno-vacunacion.jpg?resize=300%2C139&amp;ssl=1 300w, https:\/\/i0.wp.com\/cdnoticias.com\/wp-content\/uploads\/2021\/02\/suteba-mutual-moreno-vacunacion.jpg?resize=768%2C355&amp;ssl=1 768w\" sizes=\"auto, (max-width: 800px) 100vw, 800px\" \/><\/p>\n<p>&nbsp;<\/p>\n<p>La novedad fue confirmada desde Regi\u00f3n Sanitaria, desde donde adem\u00e1s <strong>se precis\u00f3 que la aplicaci\u00f3n de las dosis ser\u00e1 a partir de las 11 en la Escuela de Educaci\u00f3n Secundaria 1 \u201cJorge Luis Borges\u201d y en la mutual Carlos Alberto Moreno, de Suteba<\/strong>.<\/p>\n<p>&nbsp;<\/p>\n<p><img data-recalc-dims=\"1\" loading=\"lazy\" decoding=\"async\" class=\"alignnone size-large wp-image-13873\" src=\"https:\/\/i0.wp.com\/cdnoticias.com\/wp-content\/uploads\/2021\/02\/WhatsApp-Image-2021-02-16-at-13.32.09.jpeg?resize=800%2C545&#038;ssl=1\" alt=\"\" width=\"800\" height=\"545\" srcset=\"https:\/\/i0.wp.com\/cdnoticias.com\/wp-content\/uploads\/2021\/02\/WhatsApp-Image-2021-02-16-at-13.32.09.jpeg?resize=1024%2C698&amp;ssl=1 1024w, https:\/\/i0.wp.com\/cdnoticias.com\/wp-content\/uploads\/2021\/02\/WhatsApp-Image-2021-02-16-at-13.32.09.jpeg?resize=300%2C204&amp;ssl=1 300w, https:\/\/i0.wp.com\/cdnoticias.com\/wp-content\/uploads\/2021\/02\/WhatsApp-Image-2021-02-16-at-13.32.09.jpeg?resize=768%2C523&amp;ssl=1 768w, https:\/\/i0.wp.com\/cdnoticias.com\/wp-content\/uploads\/2021\/02\/WhatsApp-Image-2021-02-16-at-13.32.09.jpeg?resize=130%2C90&amp;ssl=1 130w, https:\/\/i0.wp.com\/cdnoticias.com\/wp-content\/uploads\/2021\/02\/WhatsApp-Image-2021-02-16-at-13.32.09.jpeg?w=1280&amp;ssl=1 1280w\" sizes=\"auto, (max-width: 800px) 100vw, 800px\" \/><\/p>\n<p>&nbsp;<\/p>\n<p>Se a\u00f1adi\u00f3 que previamente en cada uno de esos dos sitios <strong>se seguir\u00e1 vacunando a personal sanitario.<\/strong><\/p>\n","protected":false},"excerpt":{"rendered":"<p>Ser\u00e1 en la Escuela de Educaci\u00f3n Secundaria 1 y en la Mutual Carlos Alberto Moreno, de Suteba. Comenzar\u00e1 a partir<\/p>\n","protected":false},"author":3,"featured_media":13039,"comment_status":"closed","ping_status":"closed","sticky":false,"template":"","format":"standard","meta":{"_jetpack_memberships_contains_paid_content":false,"footnotes":""},"categories":[5,1],"tags":[],"class_list":["post-14010","post","type-post","status-publish","format-standard","has-post-thumbnail","hentry","category-informacion-general","category-portada"],"jetpack_featured_media_url":"https:\/\/i0.wp.com\/cdnoticias.com\/wp-content\/uploads\/2021\/02\/vacunaci%C3%B3n-covid-generica.jpeg?fit=630%2C420&ssl=1","jetpack_sharing_enabled":true,"_links":{"self":[{"href":"https:\/\/cdnoticias.com\/index.php\/wp-json\/wp\/v2\/posts\/14010","targetHints":{"allow":["GET"]}}],"collection":[{"href":"https:\/\/cdnoticias.com\/index.php\/wp-json\/wp\/v2\/posts"}],"about":[{"href":"https:\/\/cdnoticias.com\/index.php\/wp-json\/wp\/v2\/types\/post"}],"author":[{"embeddable":true,"href":"https:\/\/cdnoticias.com\/index.php\/wp-json\/wp\/v2\/users\/3"}],"replies":[{"embeddable":true,"href":"https:\/\/cdnoticias.com\/index.php\/wp-json\/wp\/v2\/comments?post=14010"}],"version-history":[{"count":0,"href":"https:\/\/cdnoticias.com\/index.php\/wp-json\/wp\/v2\/posts\/14010\/revisions"}],"wp:featuredmedia":[{"embeddable":true,"href":"https:\/\/cdnoticias.com\/index.php\/wp-json\/wp\/v2\/media\/13039"}],"wp:attachment":[{"href":"https:\/\/cdnoticias.com\/index.php\/wp-json\/wp\/v2\/media?parent=14010"}],"wp:term":[{"taxonomy":"category","embeddable":true,"href":"https:\/\/cdnoticias.com\/index.php\/wp-json\/wp\/v2\/categories?post=14010"},{"taxonomy":"post_tag","embeddable":true,"href":"https:\/\/cdnoticias.com\/index.php\/wp-json\/wp\/v2\/tags?post=14010"}],"curies":[{"name":"wp","href":"https:\/\/api.w.org\/{rel}","templated":true}]}}