{"id":140089,"date":"2022-12-19T22:49:45","date_gmt":"2022-12-20T01:49:45","guid":{"rendered":"http:\/\/centraldeportes.com.ar\/?p=28642"},"modified":"2025-02-02T21:01:21","modified_gmt":"2025-02-03T00:01:21","slug":"embajadores-no-pudo-en-la-revancha-y-quedo-eliminado-del-regional-juvenil","status":"publish","type":"post","link":"https:\/\/cdnoticias.com\/index.php\/2022\/12\/19\/embajadores-no-pudo-en-la-revancha-y-quedo-eliminado-del-regional-juvenil\/","title":{"rendered":"Embajadores no pudo en la revancha y qued\u00f3 eliminado del Regional Juvenil"},"content":{"rendered":"<p>La Sub 17 del CEO jug\u00f3 este lunes la revancha de las semifinales y cay\u00f3 nuevamente ante Academia Mascherano.<!--more--><\/p>\n<hr \/>\n<p>Se termin\u00f3 el camino para la categor\u00eda Sub 17 de Embajadores en el certamen regional organizado por la Federaci\u00f3n Bonaerense Pampeana.<\/p>\n<p>&nbsp;<\/p>\n<p>Tras<a href=\"https:\/\/cdnoticias.com\/dura-derrota-de-embajadores-en-el-regional-juvenil\/\"> la ida en Lincoln<\/a>, <strong>el \u201cDiplom\u00e1tico\u201d recibi\u00f3 en la tarde de este lunes a Academia Mascherano<\/strong> para disputar la revancha de las semifinales en el \u201cTete\u201d Di Carlo.<\/p>\n<p>&nbsp;<\/p>\n<p><strong>Fue derrota 4 a 2 para el conjunto olavarriense que se termin\u00f3 despidiendo del certamen siendo el \u00fanico representante local<\/strong> en la categor\u00eda y adem\u00e1s, perteneciendo a los cuatro mejores equipos de la regi\u00f3n.<\/p>\n<p>&nbsp;<\/p>\n<p>Foto:<strong> Archivo<\/strong>.<\/p>\n","protected":false},"excerpt":{"rendered":"<p>La Sub 17 del CEO jug\u00f3 este lunes la revancha de las semifinales y cay\u00f3 nuevamente ante Academia Mascherano.<\/p>\n","protected":false},"author":96739694,"featured_media":150459,"comment_status":"closed","ping_status":"closed","sticky":false,"template":"","format":"standard","meta":{"_jetpack_memberships_contains_paid_content":false,"footnotes":""},"categories":[35,40,1],"tags":[],"class_list":["post-140089","post","type-post","status-publish","format-standard","has-post-thumbnail","hentry","category-futbol","category-inferiores","category-portada"],"jetpack_featured_media_url":"https:\/\/i0.wp.com\/cdnoticias.com\/wp-content\/uploads\/2022\/12\/ceo-regional-juvenil-2.jpeg?fit=1500%2C1000&ssl=1","jetpack_sharing_enabled":true,"_links":{"self":[{"href":"https:\/\/cdnoticias.com\/index.php\/wp-json\/wp\/v2\/posts\/140089","targetHints":{"allow":["GET"]}}],"collection":[{"href":"https:\/\/cdnoticias.com\/index.php\/wp-json\/wp\/v2\/posts"}],"about":[{"href":"https:\/\/cdnoticias.com\/index.php\/wp-json\/wp\/v2\/types\/post"}],"author":[{"embeddable":true,"href":"https:\/\/cdnoticias.com\/index.php\/wp-json\/wp\/v2\/users\/96739694"}],"replies":[{"embeddable":true,"href":"https:\/\/cdnoticias.com\/index.php\/wp-json\/wp\/v2\/comments?post=140089"}],"version-history":[{"count":0,"href":"https:\/\/cdnoticias.com\/index.php\/wp-json\/wp\/v2\/posts\/140089\/revisions"}],"wp:featuredmedia":[{"embeddable":true,"href":"https:\/\/cdnoticias.com\/index.php\/wp-json\/wp\/v2\/media\/150459"}],"wp:attachment":[{"href":"https:\/\/cdnoticias.com\/index.php\/wp-json\/wp\/v2\/media?parent=140089"}],"wp:term":[{"taxonomy":"category","embeddable":true,"href":"https:\/\/cdnoticias.com\/index.php\/wp-json\/wp\/v2\/categories?post=140089"},{"taxonomy":"post_tag","embeddable":true,"href":"https:\/\/cdnoticias.com\/index.php\/wp-json\/wp\/v2\/tags?post=140089"}],"curies":[{"name":"wp","href":"https:\/\/api.w.org\/{rel}","templated":true}]}}