{"id":140088,"date":"2022-12-19T19:16:38","date_gmt":"2022-12-19T22:16:38","guid":{"rendered":"http:\/\/centraldeportes.com.ar\/?p=28623"},"modified":"2025-02-02T21:02:18","modified_gmt":"2025-02-03T00:02:18","slug":"fabricio-torres-se-convirtio-en-nuevo-entrenador-de-el-fortin","status":"publish","type":"post","link":"https:\/\/cdnoticias.com\/index.php\/2022\/12\/19\/fabricio-torres-se-convirtio-en-nuevo-entrenador-de-el-fortin\/","title":{"rendered":"Fabricio Torres se convirti\u00f3 en nuevo entrenador de El Fort\u00edn"},"content":{"rendered":"<p>El t\u00e9cnico afrontar\u00e1 su segundo ciclo al mando del primer equipo de la entidad \u201cFortinera\u201d luego de su \u00faltimo paso por Racing. \u00a0<!--more--><\/p>\n<hr \/>\n<p>Con aires de renovaciones y pensando en la temporada 2023, el pasado viernes <strong>la Comisi\u00f3n Directiva del Club Social y Deportivo El Fort\u00edn anunci\u00f3 el nuevo cuerpo t\u00e9cnico<\/strong> que se har\u00e1 cargo del plantel superior de f\u00fatbol.<\/p>\n<p>&nbsp;<\/p>\n<p>Tras la salida de Pablo Burghini, quien fue encargado de comandar el equipo en el \u00faltimo Torneo Regional Amateur, <strong>la entidad \u201cFortinera\u201d confirm\u00f3 el regreso de Fabricio Torres como nuevo Director T\u00e9cnico<\/strong>.<\/p>\n<p>&nbsp;<\/p>\n<p>Ser\u00e1 el segundo ciclo para el ex t\u00e9cnico de Racing, quien <strong>estar\u00e1 acompa\u00f1ado por Marcelo Grigera como ayudante de campo y Oscar \u201cTola\u201d Dur\u00e1n como entrenador de arqueros<\/strong>.<\/p>\n<p>&nbsp;<\/p>\n<p>Foto: <strong>Club El Fort\u00edn<\/strong>.<\/p>\n","protected":false},"excerpt":{"rendered":"<p>El t\u00e9cnico afrontar\u00e1 su segundo ciclo al mando del primer equipo de la entidad \u201cFortinera\u201d luego de su \u00faltimo paso<\/p>\n","protected":false},"author":96739694,"featured_media":150496,"comment_status":"closed","ping_status":"closed","sticky":false,"template":"","format":"standard","meta":{"_jetpack_memberships_contains_paid_content":false,"footnotes":""},"categories":[35,1,41],"tags":[],"class_list":["post-140088","post","type-post","status-publish","format-standard","has-post-thumbnail","hentry","category-futbol","category-portada","category-primera-y-reserva"],"jetpack_featured_media_url":"https:\/\/i0.wp.com\/cdnoticias.com\/wp-content\/uploads\/2022\/12\/Fabricio-Torres-El-Fort%C3%ADn.jpg?fit=960%2C720&ssl=1","jetpack_sharing_enabled":true,"_links":{"self":[{"href":"https:\/\/cdnoticias.com\/index.php\/wp-json\/wp\/v2\/posts\/140088","targetHints":{"allow":["GET"]}}],"collection":[{"href":"https:\/\/cdnoticias.com\/index.php\/wp-json\/wp\/v2\/posts"}],"about":[{"href":"https:\/\/cdnoticias.com\/index.php\/wp-json\/wp\/v2\/types\/post"}],"author":[{"embeddable":true,"href":"https:\/\/cdnoticias.com\/index.php\/wp-json\/wp\/v2\/users\/96739694"}],"replies":[{"embeddable":true,"href":"https:\/\/cdnoticias.com\/index.php\/wp-json\/wp\/v2\/comments?post=140088"}],"version-history":[{"count":0,"href":"https:\/\/cdnoticias.com\/index.php\/wp-json\/wp\/v2\/posts\/140088\/revisions"}],"wp:featuredmedia":[{"embeddable":true,"href":"https:\/\/cdnoticias.com\/index.php\/wp-json\/wp\/v2\/media\/150496"}],"wp:attachment":[{"href":"https:\/\/cdnoticias.com\/index.php\/wp-json\/wp\/v2\/media?parent=140088"}],"wp:term":[{"taxonomy":"category","embeddable":true,"href":"https:\/\/cdnoticias.com\/index.php\/wp-json\/wp\/v2\/categories?post=140088"},{"taxonomy":"post_tag","embeddable":true,"href":"https:\/\/cdnoticias.com\/index.php\/wp-json\/wp\/v2\/tags?post=140088"}],"curies":[{"name":"wp","href":"https:\/\/api.w.org\/{rel}","templated":true}]}}