{"id":140083,"date":"2022-12-18T18:03:04","date_gmt":"2022-12-18T21:03:04","guid":{"rendered":"http:\/\/centraldeportes.com.ar\/?p=28566"},"modified":"2025-02-02T20:57:11","modified_gmt":"2025-02-02T23:57:11","slug":"otra-pagina-gloriosa-argentina-campeon-del-mundo","status":"publish","type":"post","link":"https:\/\/cdnoticias.com\/index.php\/2022\/12\/18\/otra-pagina-gloriosa-argentina-campeon-del-mundo\/","title":{"rendered":"Otra p\u00e1gina gloriosa: \u00a1Argentina, campe\u00f3n del mundo!"},"content":{"rendered":"<p>D\u00eda para no olvidar, 36 a\u00f1os pasaron desde el \u00faltimo festejo y este domingo, la Selecci\u00f3n Argentina derrot\u00f3 a Francia en la Final del Mundial y se consagr\u00f3 campe\u00f3n del mundo. Miles de olavarrienses salieron a la calle a festejar.<\/p>\n<p><!--more--><\/p>\n<hr \/>\n<p>Argentina derrot\u00f3 4 a 2 en los penales a Francia tras igualar 3 a 3 a lo largo de los 120 minutos definitorios del Mundial de Qatar y levant\u00f3 el trofeo m\u00e1s importante del mundo.<\/p>\n<p>&nbsp;<\/p>\n<p>Lionel Messi a los 23 minutos de penal y a los 108\u00b4 y \u00c1ngel Di Mar\u00eda a los 36\u00b4 marcaron los goles del equipo nacional y Kylian Mbapp\u00e9 a los 80\u00b4, 81\u00b4 y 118\u00b4marc\u00f3 por triplicado para los franceses.<\/p>\n<p>&nbsp;<\/p>\n<p>Ya en la hora de los penales, para la \u201calbiceleste\u201d marcaron Messi, Dybala, Paredes y el \u00faltimo de Montiel que desat\u00f3 la algarab\u00eda nacional que llen\u00f3 diferentes espacios a lo largo y ancho del pa\u00eds.<\/p>\n<p>&nbsp;<\/p>\n<p>[soliloquy id=&#8221;28567&#8243;]<\/p>\n<p>&nbsp;<\/p>\n<p>No pas\u00f3 demasiado desde el pitazo final y desde la ceremonia consagratoria para que las calles olavarrienses se llenaran de hinchas que con canticos, bocinazos y mucha emoci\u00f3n festejaron la obtenci\u00f3n de la tercera copa del mundo.<\/p>\n<p>&nbsp;<\/p>\n<p>Largas horas de festejos, familias enteras y largas filas de autos se sumaron a los festejos que tuvieron como epicentro el Paseo Jes\u00fas Mend\u00eda, pero se replicaron en diferentes esquinas del centro de Olavarr\u00eda.<\/p>\n<p>&nbsp;<\/p>\n<p>Y desde hoy, la camiseta nacional tiene una nueva estrella bordada sobre el escudo.<\/p>\n","protected":false},"excerpt":{"rendered":"<p>D\u00eda para no olvidar, 36 a\u00f1os pasaron desde el \u00faltimo festejo y este domingo, la Selecci\u00f3n Argentina derrot\u00f3 a Francia<\/p>\n","protected":false},"author":96739694,"featured_media":150364,"comment_status":"closed","ping_status":"closed","sticky":false,"template":"","format":"standard","meta":{"_jetpack_memberships_contains_paid_content":false,"footnotes":""},"categories":[35,1],"tags":[],"class_list":["post-140083","post","type-post","status-publish","format-standard","has-post-thumbnail","hentry","category-futbol","category-portada"],"jetpack_featured_media_url":"https:\/\/i0.wp.com\/cdnoticias.com\/wp-content\/uploads\/2022\/12\/arg-campeon-40.jpeg?fit=1500%2C1000&ssl=1","jetpack_sharing_enabled":true,"_links":{"self":[{"href":"https:\/\/cdnoticias.com\/index.php\/wp-json\/wp\/v2\/posts\/140083","targetHints":{"allow":["GET"]}}],"collection":[{"href":"https:\/\/cdnoticias.com\/index.php\/wp-json\/wp\/v2\/posts"}],"about":[{"href":"https:\/\/cdnoticias.com\/index.php\/wp-json\/wp\/v2\/types\/post"}],"author":[{"embeddable":true,"href":"https:\/\/cdnoticias.com\/index.php\/wp-json\/wp\/v2\/users\/96739694"}],"replies":[{"embeddable":true,"href":"https:\/\/cdnoticias.com\/index.php\/wp-json\/wp\/v2\/comments?post=140083"}],"version-history":[{"count":0,"href":"https:\/\/cdnoticias.com\/index.php\/wp-json\/wp\/v2\/posts\/140083\/revisions"}],"wp:featuredmedia":[{"embeddable":true,"href":"https:\/\/cdnoticias.com\/index.php\/wp-json\/wp\/v2\/media\/150364"}],"wp:attachment":[{"href":"https:\/\/cdnoticias.com\/index.php\/wp-json\/wp\/v2\/media?parent=140083"}],"wp:term":[{"taxonomy":"category","embeddable":true,"href":"https:\/\/cdnoticias.com\/index.php\/wp-json\/wp\/v2\/categories?post=140083"},{"taxonomy":"post_tag","embeddable":true,"href":"https:\/\/cdnoticias.com\/index.php\/wp-json\/wp\/v2\/tags?post=140083"}],"curies":[{"name":"wp","href":"https:\/\/api.w.org\/{rel}","templated":true}]}}