{"id":140061,"date":"2022-12-15T23:07:09","date_gmt":"2022-12-16T02:07:09","guid":{"rendered":"http:\/\/centraldeportes.com.ar\/?p=28459"},"modified":"2025-02-10T22:13:24","modified_gmt":"2025-02-11T01:13:24","slug":"los-juveniles-completaron-la-penultima-fecha-de-la-copa-olavarria","status":"publish","type":"post","link":"https:\/\/cdnoticias.com\/index.php\/2022\/12\/15\/los-juveniles-completaron-la-penultima-fecha-de-la-copa-olavarria\/","title":{"rendered":"Los juveniles completaron la pen\u00faltima fecha de la \u201cCopa Olavarr\u00eda\u201d"},"content":{"rendered":"<p>Con tres partidos disputados en la tarde noche de este jueves, las categor\u00edas menores de la Liga de F\u00fatbol de Olavarr\u00eda cumplieron con todos los compromisos de la 10\u00b0 fecha del certamen.<!--more--><\/p>\n<hr \/>\n<p><strong>Las divisiones Inferiores prosiguieron la acci\u00f3n de la d\u00e9cima y pen\u00faltima fecha de la \u201cCopa Ciudad de Olavarr\u00eda\u201d<\/strong> en la tarde noche de este jueves, con la disputa de los <strong>tres duelos<\/strong> que quedaron pendientes del fin de semana pasado.<\/p>\n<p>&nbsp;<\/p>\n<p>[soliloquy id=&#8221;28448&#8243;]<\/p>\n<p>&nbsp;<\/p>\n<p>Dos de los enfrentamientos tuvieron como sede el Pozo Serrano de Sierras Bayas. All\u00ed <strong>en Novena, San Mart\u00edn y Estudiantes<\/strong> repartieron puntos e <strong>igualaron 1 a 1<\/strong> mientras que <strong>en Sexta<\/strong>, tambi\u00e9n hubo paridad pero con el marcador <strong>0 a 0<\/strong>. El cotejo restante se jug\u00f3 en el Buglione Martinese, donde <strong>Racing recibi\u00f3 a Embajadores en Novena y lo venci\u00f3 por 2 a 0<\/strong>.<\/p>\n<p>&nbsp;<\/p>\n<p>Vale recordar que,<strong> a partir del viernes pr\u00f3ximo, se jugar\u00e1n m\u00e1s encuentros<\/strong> correspondientes al \u00faltimo certamen oficial del 2022 para las divisiones formativas.<\/p>\n","protected":false},"excerpt":{"rendered":"<p>Con tres partidos disputados en la tarde noche de este jueves, las categor\u00edas menores de la Liga de F\u00fatbol de<\/p>\n","protected":false},"author":96739694,"featured_media":152942,"comment_status":"closed","ping_status":"closed","sticky":false,"template":"","format":"standard","meta":{"_jetpack_memberships_contains_paid_content":false,"footnotes":""},"categories":[35,40,1],"tags":[],"class_list":["post-140061","post","type-post","status-publish","format-standard","has-post-thumbnail","hentry","category-futbol","category-inferiores","category-portada"],"jetpack_featured_media_url":"https:\/\/i0.wp.com\/cdnoticias.com\/wp-content\/uploads\/2022\/12\/rac-ceo-7.jpeg?fit=1280%2C853&ssl=1","jetpack_sharing_enabled":true,"_links":{"self":[{"href":"https:\/\/cdnoticias.com\/index.php\/wp-json\/wp\/v2\/posts\/140061","targetHints":{"allow":["GET"]}}],"collection":[{"href":"https:\/\/cdnoticias.com\/index.php\/wp-json\/wp\/v2\/posts"}],"about":[{"href":"https:\/\/cdnoticias.com\/index.php\/wp-json\/wp\/v2\/types\/post"}],"author":[{"embeddable":true,"href":"https:\/\/cdnoticias.com\/index.php\/wp-json\/wp\/v2\/users\/96739694"}],"replies":[{"embeddable":true,"href":"https:\/\/cdnoticias.com\/index.php\/wp-json\/wp\/v2\/comments?post=140061"}],"version-history":[{"count":0,"href":"https:\/\/cdnoticias.com\/index.php\/wp-json\/wp\/v2\/posts\/140061\/revisions"}],"wp:featuredmedia":[{"embeddable":true,"href":"https:\/\/cdnoticias.com\/index.php\/wp-json\/wp\/v2\/media\/152942"}],"wp:attachment":[{"href":"https:\/\/cdnoticias.com\/index.php\/wp-json\/wp\/v2\/media?parent=140061"}],"wp:term":[{"taxonomy":"category","embeddable":true,"href":"https:\/\/cdnoticias.com\/index.php\/wp-json\/wp\/v2\/categories?post=140061"},{"taxonomy":"post_tag","embeddable":true,"href":"https:\/\/cdnoticias.com\/index.php\/wp-json\/wp\/v2\/tags?post=140061"}],"curies":[{"name":"wp","href":"https:\/\/api.w.org\/{rel}","templated":true}]}}