{"id":140028,"date":"2022-12-11T23:30:04","date_gmt":"2022-12-12T02:30:04","guid":{"rendered":"http:\/\/centraldeportes.com.ar\/?p=28284"},"modified":"2025-02-10T21:50:17","modified_gmt":"2025-02-11T00:50:17","slug":"embajadores-goleo-y-avanzo-a-semifinales-del-regional-juvenil","status":"publish","type":"post","link":"https:\/\/cdnoticias.com\/index.php\/2022\/12\/11\/embajadores-goleo-y-avanzo-a-semifinales-del-regional-juvenil\/","title":{"rendered":"Embajadores gole\u00f3 y avanz\u00f3 a semifinales del Regional Juvenil"},"content":{"rendered":"<p>La Sub 17 del \u201cDiplom\u00e1tico\u201d, que hab\u00eda ganado 2 a 0 en Trenque Lauquen, derrot\u00f3 6 a 1 a Argentino en la tarde de este domingo y se convirti\u00f3 en el \u00fanico equipo olavarriense que se mantiene en competencia.<!--more--><\/p>\n<hr \/>\n<p>Tras las <a href=\"https:\/\/cdnoticias.com\/mal-dia-para-los-olavarrienses-en-el-regional-juvenil\/\">m\u00faltiples eliminaciones<\/a> de equipos olavarrienses el pasado s\u00e1bado,<strong> la Sub 17 de Embajadores se impuso en su compromiso y contin\u00faa en carrera<\/strong> en el certamen organizado por la Federaci\u00f3n Bonaerense Pampeana <strong>siendo el \u00fanico representante local<\/strong>.<\/p>\n<p>&nbsp;<\/p>\n<p>Este domingo por la tarde, el \u201cDiplom\u00e1tico\u201d\u00a0 recibi\u00f3 en el sint\u00e9tico del \u201cTete\u201d Di Carlo a Argentino de Trenque Lauquen para disputar la revancha de cuartos de final.<\/p>\n<p>&nbsp;<\/p>\n<p>[soliloquy id=&#8221;28261&#8243;]<\/p>\n<p>&nbsp;<\/p>\n<p><strong>Fue goleada contundente 6 a 1 para el CEO que, con el resultado obtenido en la ida, barri\u00f3 la serie 8 a 1 y se meti\u00f3 entre los cuatro mejores equipos de su categor\u00eda<\/strong>.<\/p>\n<p>&nbsp;<\/p>\n<p>De esta manera, en la pr\u00f3xima instancia, se medir\u00e1 con el ganador de la llave entre Estudiantes Unidos de Pehuaj\u00f3 y Academia Mascherano de Jun\u00edn con d\u00eda y horario a definir.<\/p>\n","protected":false},"excerpt":{"rendered":"<p>La Sub 17 del \u201cDiplom\u00e1tico\u201d, que hab\u00eda ganado 2 a 0 en Trenque Lauquen, derrot\u00f3 6 a 1 a Argentino<\/p>\n","protected":false},"author":96739694,"featured_media":152558,"comment_status":"closed","ping_status":"closed","sticky":false,"template":"","format":"standard","meta":{"_jetpack_memberships_contains_paid_content":false,"footnotes":""},"categories":[35,40,1],"tags":[],"class_list":["post-140028","post","type-post","status-publish","format-standard","has-post-thumbnail","hentry","category-futbol","category-inferiores","category-portada"],"jetpack_featured_media_url":"https:\/\/i0.wp.com\/cdnoticias.com\/wp-content\/uploads\/2022\/12\/ceo-regional-juvenil-4.jpeg?fit=1500%2C1000&ssl=1","jetpack_sharing_enabled":true,"_links":{"self":[{"href":"https:\/\/cdnoticias.com\/index.php\/wp-json\/wp\/v2\/posts\/140028","targetHints":{"allow":["GET"]}}],"collection":[{"href":"https:\/\/cdnoticias.com\/index.php\/wp-json\/wp\/v2\/posts"}],"about":[{"href":"https:\/\/cdnoticias.com\/index.php\/wp-json\/wp\/v2\/types\/post"}],"author":[{"embeddable":true,"href":"https:\/\/cdnoticias.com\/index.php\/wp-json\/wp\/v2\/users\/96739694"}],"replies":[{"embeddable":true,"href":"https:\/\/cdnoticias.com\/index.php\/wp-json\/wp\/v2\/comments?post=140028"}],"version-history":[{"count":0,"href":"https:\/\/cdnoticias.com\/index.php\/wp-json\/wp\/v2\/posts\/140028\/revisions"}],"wp:featuredmedia":[{"embeddable":true,"href":"https:\/\/cdnoticias.com\/index.php\/wp-json\/wp\/v2\/media\/152558"}],"wp:attachment":[{"href":"https:\/\/cdnoticias.com\/index.php\/wp-json\/wp\/v2\/media?parent=140028"}],"wp:term":[{"taxonomy":"category","embeddable":true,"href":"https:\/\/cdnoticias.com\/index.php\/wp-json\/wp\/v2\/categories?post=140028"},{"taxonomy":"post_tag","embeddable":true,"href":"https:\/\/cdnoticias.com\/index.php\/wp-json\/wp\/v2\/tags?post=140028"}],"curies":[{"name":"wp","href":"https:\/\/api.w.org\/{rel}","templated":true}]}}