{"id":140023,"date":"2022-12-11T16:34:06","date_gmt":"2022-12-11T19:34:06","guid":{"rendered":"http:\/\/centraldeportes.com.ar\/?p=28224"},"modified":"2025-02-10T21:49:05","modified_gmt":"2025-02-11T00:49:05","slug":"lifipa-alumni-y-el-fortin-fueron-campeones-de-la-copa-embajadores","status":"publish","type":"post","link":"https:\/\/cdnoticias.com\/index.php\/2022\/12\/11\/lifipa-alumni-y-el-fortin-fueron-campeones-de-la-copa-embajadores\/","title":{"rendered":"LIFIPA, Alumni y El Fort\u00edn fueron campeones de la \u201cCopa Embajadores\u201d"},"content":{"rendered":"<p>Luego de cinco d\u00edas, la Copa Embajadores lleg\u00f3 a su fin en el transcurso de este domingo con la disputa de las finales para las tres categor\u00edas.<\/p>\n<p><!--more--><\/p>\n<hr \/>\n<p>La competencia de f\u00fatbol infantil concluy\u00f3 bajo la lluvia con la consagraci\u00f3n de LIFIPA, Alumni y El Fort\u00edn en el Tete Di Carlo.<\/p>\n<p>&nbsp;<\/p>\n<p>El \u00fanico campe\u00f3n olavarriense fue en la categor\u00eda 2015, donde el \u201cFortinero\u201d venci\u00f3 a Embajadores por 5 a 1.<\/p>\n<p>&nbsp;<\/p>\n<p>Adem\u00e1s, Alumni derrot\u00f3 a Racing por 1 a 0 en la divisional 2013 y en 2011, LIFIPA se impuso por la m\u00ednima a Embajadores.<\/p>\n","protected":false},"excerpt":{"rendered":"<p>Luego de cinco d\u00edas, la Copa Embajadores lleg\u00f3 a su fin en el transcurso de este domingo con la disputa<\/p>\n","protected":false},"author":96739694,"featured_media":152479,"comment_status":"closed","ping_status":"closed","sticky":false,"template":"","format":"standard","meta":{"_jetpack_memberships_contains_paid_content":false,"footnotes":""},"categories":[35,40,1],"tags":[],"class_list":["post-140023","post","type-post","status-publish","format-standard","has-post-thumbnail","hentry","category-futbol","category-inferiores","category-portada"],"jetpack_featured_media_url":"https:\/\/i0.wp.com\/cdnoticias.com\/wp-content\/uploads\/2022\/12\/WhatsApp-Image-2022-12-11-at-16.21.38.jpeg?fit=1280%2C839&ssl=1","jetpack_sharing_enabled":true,"_links":{"self":[{"href":"https:\/\/cdnoticias.com\/index.php\/wp-json\/wp\/v2\/posts\/140023","targetHints":{"allow":["GET"]}}],"collection":[{"href":"https:\/\/cdnoticias.com\/index.php\/wp-json\/wp\/v2\/posts"}],"about":[{"href":"https:\/\/cdnoticias.com\/index.php\/wp-json\/wp\/v2\/types\/post"}],"author":[{"embeddable":true,"href":"https:\/\/cdnoticias.com\/index.php\/wp-json\/wp\/v2\/users\/96739694"}],"replies":[{"embeddable":true,"href":"https:\/\/cdnoticias.com\/index.php\/wp-json\/wp\/v2\/comments?post=140023"}],"version-history":[{"count":0,"href":"https:\/\/cdnoticias.com\/index.php\/wp-json\/wp\/v2\/posts\/140023\/revisions"}],"wp:featuredmedia":[{"embeddable":true,"href":"https:\/\/cdnoticias.com\/index.php\/wp-json\/wp\/v2\/media\/152479"}],"wp:attachment":[{"href":"https:\/\/cdnoticias.com\/index.php\/wp-json\/wp\/v2\/media?parent=140023"}],"wp:term":[{"taxonomy":"category","embeddable":true,"href":"https:\/\/cdnoticias.com\/index.php\/wp-json\/wp\/v2\/categories?post=140023"},{"taxonomy":"post_tag","embeddable":true,"href":"https:\/\/cdnoticias.com\/index.php\/wp-json\/wp\/v2\/tags?post=140023"}],"curies":[{"name":"wp","href":"https:\/\/api.w.org\/{rel}","templated":true}]}}