{"id":140021,"date":"2022-12-11T12:49:53","date_gmt":"2022-12-11T15:49:53","guid":{"rendered":"http:\/\/centraldeportes.com.ar\/?p=28218"},"modified":"2025-02-10T21:49:11","modified_gmt":"2025-02-11T00:49:11","slug":"hondo-pesar-por-el-fallecimiento-de-sergio-arambel","status":"publish","type":"post","link":"https:\/\/cdnoticias.com\/index.php\/2022\/12\/11\/hondo-pesar-por-el-fallecimiento-de-sergio-arambel\/","title":{"rendered":"Hondo pesar por el fallecimiento de Sergio Arambel"},"content":{"rendered":"<p>Este s\u00e1bado falleci\u00f3 Sergio Javier Arambel y trebejistas locales y de la regi\u00f3n despiden con pesar a quien fuera coordinador de la Escuela Municipal de Ajedrez.<\/p>\n<p><!--more--><\/p>\n<hr \/>\n<p>El vecino de Olavarr\u00eda muri\u00f3 a los 62 a\u00f1os el trebejista Sergio Arambel. Fue campe\u00f3n local en numerosas ocasiones en la Primera Divisi\u00f3n local y tambi\u00e9n en torneos de otras instancias. Alcanz\u00f3 a ser Maestro de la Federaci\u00f3n Internacional de Ajedrez (FIDE).<\/p>\n<p>&nbsp;<\/p>\n<p>Su p\u00e9rdida es lamentada por profesionales y practicantes de este deporte en Olavarr\u00eda y la regi\u00f3n.<\/p>\n<p>&nbsp;<\/p>\n<p>El intendente Ezequiel Galli se expres\u00f3 en redes sociales sobre el fallecimiento de Arambel y destac\u00f3 su trayectoria. \u201cUn c\u00e1lido abrazo y mi m\u00e1s sentido p\u00e9same para familiares y amigos de Sergio Arambel, un hombre que puso a Olavarr\u00eda como referencia del ajedrez de alto nivel\u201d manifest\u00f3.<\/p>\n","protected":false},"excerpt":{"rendered":"<p>Este s\u00e1bado falleci\u00f3 Sergio Javier Arambel y trebejistas locales y de la regi\u00f3n despiden con pesar a quien fuera coordinador<\/p>\n","protected":false},"author":96739694,"featured_media":152491,"comment_status":"closed","ping_status":"closed","sticky":false,"template":"","format":"standard","meta":{"_jetpack_memberships_contains_paid_content":false,"footnotes":""},"categories":[30,1],"tags":[],"class_list":["post-140021","post","type-post","status-publish","format-standard","has-post-thumbnail","hentry","category-polideportivo","category-portada"],"jetpack_featured_media_url":"https:\/\/i0.wp.com\/cdnoticias.com\/wp-content\/uploads\/2022\/12\/sergio-arambel-ajedrez.jpg?fit=800%2C445&ssl=1","jetpack_sharing_enabled":true,"_links":{"self":[{"href":"https:\/\/cdnoticias.com\/index.php\/wp-json\/wp\/v2\/posts\/140021","targetHints":{"allow":["GET"]}}],"collection":[{"href":"https:\/\/cdnoticias.com\/index.php\/wp-json\/wp\/v2\/posts"}],"about":[{"href":"https:\/\/cdnoticias.com\/index.php\/wp-json\/wp\/v2\/types\/post"}],"author":[{"embeddable":true,"href":"https:\/\/cdnoticias.com\/index.php\/wp-json\/wp\/v2\/users\/96739694"}],"replies":[{"embeddable":true,"href":"https:\/\/cdnoticias.com\/index.php\/wp-json\/wp\/v2\/comments?post=140021"}],"version-history":[{"count":0,"href":"https:\/\/cdnoticias.com\/index.php\/wp-json\/wp\/v2\/posts\/140021\/revisions"}],"wp:featuredmedia":[{"embeddable":true,"href":"https:\/\/cdnoticias.com\/index.php\/wp-json\/wp\/v2\/media\/152491"}],"wp:attachment":[{"href":"https:\/\/cdnoticias.com\/index.php\/wp-json\/wp\/v2\/media?parent=140021"}],"wp:term":[{"taxonomy":"category","embeddable":true,"href":"https:\/\/cdnoticias.com\/index.php\/wp-json\/wp\/v2\/categories?post=140021"},{"taxonomy":"post_tag","embeddable":true,"href":"https:\/\/cdnoticias.com\/index.php\/wp-json\/wp\/v2\/tags?post=140021"}],"curies":[{"name":"wp","href":"https:\/\/api.w.org\/{rel}","templated":true}]}}