{"id":140019,"date":"2022-12-10T22:36:21","date_gmt":"2022-12-11T01:36:21","guid":{"rendered":"http:\/\/centraldeportes.com.ar\/?p=28213"},"modified":"2025-02-10T21:49:19","modified_gmt":"2025-02-11T00:49:19","slug":"mal-dia-para-los-olavarrienses-en-el-regional-juvenil","status":"publish","type":"post","link":"https:\/\/cdnoticias.com\/index.php\/2022\/12\/10\/mal-dia-para-los-olavarrienses-en-el-regional-juvenil\/","title":{"rendered":"Mal d\u00eda para los olavarrienses en el Regional Juvenil"},"content":{"rendered":"<p>El certamen organizado por la Federaci\u00f3n Bonaerense Pampeana tuvo acci\u00f3n este s\u00e1bado con los desquites de cuartos de final y varios equipos de nuestra ciudad quedaron en el camino.<!--more--><\/p>\n<hr \/>\n<p><strong>El Torneo Regional de Clubes para las categor\u00edas menores disput\u00f3 este s\u00e1bado las revanchas de los cuartos de final<\/strong>, con acci\u00f3n en el Buglione Martinese, el Parque Guerrero y el Domingo Colasurdo. Solo uno lo hizo en condici\u00f3n de visitante y fue El Fort\u00edn en Sub 13.<\/p>\n<p>&nbsp;<\/p>\n<p>El elenco \u201cFortinero\u201d, en la divisional menor, no logr\u00f3 sostener el resultado obtenido en la ida y sufri\u00f3 la eliminaci\u00f3n al igual que Racing, que no pudo dar vuelta la serie aprovechando la local\u00eda.<\/p>\n<p>&nbsp;<\/p>\n<p>[soliloquy id=&#8221;28181&#8243;]<\/p>\n<p>&nbsp;<\/p>\n<p>Por otro lado, en la Sub 17, tanto Estudiantes como Ferro igualaron en el global, pero en la tanda de penales los rivales fueron m\u00e1s efectivos y quedaron eliminados.<\/p>\n<p>&nbsp;<\/p>\n<p>Este domingo, <strong>Embajadores buscar\u00e1 mantener el resultado de la ida ante Argentino de Trenque Lauquen<\/strong> (2 \u2013 0) para concretar la clasificaci\u00f3n. El duelo se jugar\u00e1 desde las 16:30 horas en el sint\u00e9tico del \u201cTete\u201d Di Carlo.<\/p>\n<p>&nbsp;<\/p>\n<h6><strong>Cuartos de final \u2013 Vuelta (Enfrentamientos de olavarrienses)<\/strong><\/h6>\n<h6><strong>Sub 13<\/strong><\/h6>\n<p>Independiente (Tandil) <strong>2<\/strong> \u2013 <strong>0<\/strong> <strong>El Fort\u00edn<\/strong> (Global: 2 \u2013 1)<\/p>\n<p><strong>Racing<\/strong> <strong>1<\/strong> \u2013 <strong>2<\/strong> Atl\u00e9tico Las Flores (Global: 1 \u2013 4)<\/p>\n<p>&nbsp;<\/p>\n<h6><strong>Sub 17<\/strong><\/h6>\n<p><strong>Estudiantes<\/strong> <strong>2<\/strong> (1) \u2013 <strong>2<\/strong> (4) Liniers (Bah\u00eda Blanca) (Global: 3 \u2013 3, avanz\u00f3 Liniers por penales)<\/p>\n<p><strong>Ferro Carril Sud<\/strong> <strong>1<\/strong> (1) \u2013<strong> 2<\/strong> (3) Social Mar de Aj\u00f3 (Global: 3 \u2013 3, avanz\u00f3 Social Mar de Aj\u00f3 por penales)<\/p>\n","protected":false},"excerpt":{"rendered":"<p>El certamen organizado por la Federaci\u00f3n Bonaerense Pampeana tuvo acci\u00f3n este s\u00e1bado con los desquites de cuartos de final y<\/p>\n","protected":false},"author":96739694,"featured_media":152506,"comment_status":"closed","ping_status":"closed","sticky":false,"template":"","format":"standard","meta":{"_jetpack_memberships_contains_paid_content":false,"footnotes":""},"categories":[35,40,1],"tags":[],"class_list":["post-140019","post","type-post","status-publish","format-standard","has-post-thumbnail","hentry","category-futbol","category-inferiores","category-portada"],"jetpack_featured_media_url":"https:\/\/i0.wp.com\/cdnoticias.com\/wp-content\/uploads\/2022\/12\/cae-regional-juvenil-5.jpeg?fit=1500%2C1000&ssl=1","jetpack_sharing_enabled":true,"_links":{"self":[{"href":"https:\/\/cdnoticias.com\/index.php\/wp-json\/wp\/v2\/posts\/140019","targetHints":{"allow":["GET"]}}],"collection":[{"href":"https:\/\/cdnoticias.com\/index.php\/wp-json\/wp\/v2\/posts"}],"about":[{"href":"https:\/\/cdnoticias.com\/index.php\/wp-json\/wp\/v2\/types\/post"}],"author":[{"embeddable":true,"href":"https:\/\/cdnoticias.com\/index.php\/wp-json\/wp\/v2\/users\/96739694"}],"replies":[{"embeddable":true,"href":"https:\/\/cdnoticias.com\/index.php\/wp-json\/wp\/v2\/comments?post=140019"}],"version-history":[{"count":0,"href":"https:\/\/cdnoticias.com\/index.php\/wp-json\/wp\/v2\/posts\/140019\/revisions"}],"wp:featuredmedia":[{"embeddable":true,"href":"https:\/\/cdnoticias.com\/index.php\/wp-json\/wp\/v2\/media\/152506"}],"wp:attachment":[{"href":"https:\/\/cdnoticias.com\/index.php\/wp-json\/wp\/v2\/media?parent=140019"}],"wp:term":[{"taxonomy":"category","embeddable":true,"href":"https:\/\/cdnoticias.com\/index.php\/wp-json\/wp\/v2\/categories?post=140019"},{"taxonomy":"post_tag","embeddable":true,"href":"https:\/\/cdnoticias.com\/index.php\/wp-json\/wp\/v2\/tags?post=140019"}],"curies":[{"name":"wp","href":"https:\/\/api.w.org\/{rel}","templated":true}]}}