{"id":140011,"date":"2022-12-09T21:04:47","date_gmt":"2022-12-10T00:04:47","guid":{"rendered":"http:\/\/centraldeportes.com.ar\/?p=28158"},"modified":"2025-02-10T21:47:25","modified_gmt":"2025-02-11T00:47:25","slug":"ferro-fue-el-mejor-en-las-6-fechas-y-se-consagro-campeon-de-la-liga-regional","status":"publish","type":"post","link":"https:\/\/cdnoticias.com\/index.php\/2022\/12\/09\/ferro-fue-el-mejor-en-las-6-fechas-y-se-consagro-campeon-de-la-liga-regional\/","title":{"rendered":"Ferro fue el mejor en las 6 fechas y se consagr\u00f3 campe\u00f3n de la Liga Regional"},"content":{"rendered":"<p>El pasado s\u00e1bado Ferro Carril Sud de Olavarr\u00eda se consagr\u00f3 campe\u00f3n de la Liga Regional de Nataci\u00f3n. La competencia se desarroll\u00f3 en 6 fechas a lo largo del a\u00f1o y de la misma participaron 13 ciudades: Las Flores, Bol\u00edvar, Madariaga, Vidal, Necochea, Azul, Rauch, Tandil, Balcarce, Laprida, Ayacucho y Tres Arroyos.<!--more--><\/p>\n<hr \/>\n<p>En cada fecha los nadadores que se ubicaban entre los 7 mejores de su categor\u00eda y prueba sumaban puntos, es importante destacar que tambi\u00e9n se obten\u00eda un puntaje individual para cada atleta en los eventos.<\/p>\n<p>&nbsp;<\/p>\n<p>Adem\u00e1s, los nadadores Mateo Mares en la categor\u00eda Cadete y Santos Tresarrieu en la Categor\u00eda Juvenil fueron campeones.<\/p>\n<p>&nbsp;<\/p>\n<p>Los resultados a destacar:<\/p>\n<p>Pre Infantiles:<\/p>\n<p>11\u00b0 Da Silva Agustina<\/p>\n<p>13\u00b0 Coria Valentino<\/p>\n<p>Menores Mujeres:<\/p>\n<p>6\u00b0 Laplace Juana<\/p>\n<p>8\u00b0 Mart\u00ednez Brun Catalina<\/p>\n<p>Menores Varones:<\/p>\n<p>3\u00b0 Coria Felipe<\/p>\n<p>5\u00b0 Gundel Orificci Juan<\/p>\n<p>9\u00b0 Paramio Lucio<\/p>\n<p>11\u00b0 Cotovich Ignacio<\/p>\n<p>Cadetes Mujeres:<\/p>\n<p>4\u00b0 Lavat Valentina<\/p>\n<p>7\u00b0 Sarachu Luc\u00eda<\/p>\n<p>Cadetes Varones:<\/p>\n<p>1\u00b0 Mares Mateo<\/p>\n<p>Juveniles Mujeres:<\/p>\n<p>7\u00b0 Gonz\u00e1lez Ana<\/p>\n<p>8\u00b0 Quereilhac Ayel\u00e9n<\/p>\n<p>Juveniles Varones:<\/p>\n<p>1\u00b0 Tresarrieu Santos<\/p>\n<p>2\u00b0 Ram\u00edrez Santiago<\/p>\n<p>3\u00b0 Soraiz Nicol\u00e1s<\/p>\n<p>5\u00b0 Riley Juli\u00e1n<\/p>\n<p>10\u00b0 Rigo Mateo<\/p>\n<p>11\u00b0 Zorn Enzo<\/p>\n<p>Juniors Varones:<\/p>\n<p>2\u00b0 Barros Juan<\/p>\n<p>3\u00b0 Abrigo Nicol\u00e1s<\/p>\n<p>5\u00b0 Ziegler Juli\u00e1n<\/p>\n<p>&nbsp;<\/p>\n<p>La delegaci\u00f3n estuvo acompa\u00f1ada por los entrenadores Micaela Vicente, Irineo Macias y\u00a0 Javier Laborde.<\/p>\n<p>&nbsp;<\/p>\n<p>Previamente, Lucas Oterm\u00edn compiti\u00f3 en el Campeonato Nacional Fadesir Open \u00a0en el Parque Roca y se ubic\u00f3 en el Top10 en todas las pruebas que compiti\u00f3.<\/p>\n<p>&nbsp;<\/p>\n<p>El olavarriense fue 5\u00b0 en 100 metros espalda, mariposa, pecho y 200 metros combinados. Adem\u00e1s fue 6\u00b0 en 50 metros libres y s\u00e9ptimo en 100 metros libres.<\/p>\n<p>&nbsp;<\/p>\n","protected":false},"excerpt":{"rendered":"<p>El pasado s\u00e1bado Ferro Carril Sud de Olavarr\u00eda se consagr\u00f3 campe\u00f3n de la Liga Regional de Nataci\u00f3n. La competencia se<\/p>\n","protected":false},"author":96739694,"featured_media":152453,"comment_status":"closed","ping_status":"closed","sticky":false,"template":"","format":"standard","meta":{"_jetpack_memberships_contains_paid_content":false,"footnotes":""},"categories":[30,1],"tags":[],"class_list":["post-140011","post","type-post","status-publish","format-standard","has-post-thumbnail","hentry","category-polideportivo","category-portada"],"jetpack_featured_media_url":"https:\/\/i0.wp.com\/cdnoticias.com\/wp-content\/uploads\/2022\/12\/WhatsApp-Image-2022-12-07-at-18.42.42.jpeg?fit=1280%2C889&ssl=1","jetpack_sharing_enabled":true,"_links":{"self":[{"href":"https:\/\/cdnoticias.com\/index.php\/wp-json\/wp\/v2\/posts\/140011","targetHints":{"allow":["GET"]}}],"collection":[{"href":"https:\/\/cdnoticias.com\/index.php\/wp-json\/wp\/v2\/posts"}],"about":[{"href":"https:\/\/cdnoticias.com\/index.php\/wp-json\/wp\/v2\/types\/post"}],"author":[{"embeddable":true,"href":"https:\/\/cdnoticias.com\/index.php\/wp-json\/wp\/v2\/users\/96739694"}],"replies":[{"embeddable":true,"href":"https:\/\/cdnoticias.com\/index.php\/wp-json\/wp\/v2\/comments?post=140011"}],"version-history":[{"count":0,"href":"https:\/\/cdnoticias.com\/index.php\/wp-json\/wp\/v2\/posts\/140011\/revisions"}],"wp:featuredmedia":[{"embeddable":true,"href":"https:\/\/cdnoticias.com\/index.php\/wp-json\/wp\/v2\/media\/152453"}],"wp:attachment":[{"href":"https:\/\/cdnoticias.com\/index.php\/wp-json\/wp\/v2\/media?parent=140011"}],"wp:term":[{"taxonomy":"category","embeddable":true,"href":"https:\/\/cdnoticias.com\/index.php\/wp-json\/wp\/v2\/categories?post=140011"},{"taxonomy":"post_tag","embeddable":true,"href":"https:\/\/cdnoticias.com\/index.php\/wp-json\/wp\/v2\/tags?post=140011"}],"curies":[{"name":"wp","href":"https:\/\/api.w.org\/{rel}","templated":true}]}}