{"id":140007,"date":"2022-12-09T12:30:06","date_gmt":"2022-12-09T15:30:06","guid":{"rendered":"http:\/\/centraldeportes.com.ar\/?p=28122"},"modified":"2025-02-10T21:43:57","modified_gmt":"2025-02-11T00:43:57","slug":"olavarrienses-lograron-completar-los-100-kilometros-de-el-cruce","status":"publish","type":"post","link":"https:\/\/cdnoticias.com\/index.php\/2022\/12\/09\/olavarrienses-lograron-completar-los-100-kilometros-de-el-cruce\/","title":{"rendered":"Olavarrienses lograron completar los 100 kil\u00f3metros de El Cruce"},"content":{"rendered":"<p>El pasado fin de semana, atletas de Olavarr\u00eda dijeron presentes en la 20\u00b0 edici\u00f3n de El Cruce y lograron completar los 100 kil\u00f3metros del desaf\u00edo aventura sobre la Cordillera de Los Andes.<\/p>\n<p><!--more--><\/p>\n<hr \/>\n<p>Ver\u00f3nica D\u00edaz, Yesica Gonz\u00e1lez, Julio Alem, Diego Latasa, Agust\u00edn Coumeig, Eleana Crosa, Alejandro Marconi, Roberto \u201cTito\u201d Baldi, Diego Cisneros, Carolina Bustos, Carlos Belisle, Mar\u00eda Paula Farinella y An\u00edbal Romero participaron de la prueba de 3 d\u00edas para completar los 100 kil\u00f3metros.<\/p>\n<p>&nbsp;<\/p>\n<p>El desaf\u00edo que une Argentina y Chile cruzando la Cordillera de los Andes durante 3 d\u00edas tuvo el destacado resultado de Blandi y Cisneros en la prueba por equipos ya que fueron terceros en su categor\u00eda con un tiempo de 10 horas, 38 minutos y 31 segundos y primeros en su categor\u00eda de Caballeros B.<\/p>\n<p>&nbsp;<\/p>\n<p>Adem\u00e1s, la competencia que tuvo 31 kil\u00f3metros el primer d\u00eda y 33 el segundo y el tercero, ubic\u00f3 a Carolina Bustos y Carlos Belisle en el cuarto lugar de su categor\u00eda en la prueba mixta con 13:30:47.<\/p>\n<p>&nbsp;<\/p>\n<p>[soliloquy id=&#8221;28116&#8243;]<\/p>\n<p>&nbsp;<\/p>\n<p>En la carrera individual, el mejor ubicado fue Agust\u00edn Coumeig que demor\u00f3 12:13:41 y se ubic\u00f3 como el mejor 6\u00b0 atleta en la categor\u00eda hasta 29 a\u00f1os.<\/p>\n<p>&nbsp;<\/p>\n<p>Alejandro Marconi con 18:17:38 y An\u00edbal Romero con 18:05:45 tambi\u00e9n completaron el recorrido entre los caballeros.<\/p>\n<p>&nbsp;<\/p>\n<p>Por el lado de las Damas, Yesica Gonz\u00e1lez demor\u00f3 16:05:25, Eleana Crosa hizo los 100 kil\u00f3metros en 17:38:41, Ver\u00f3nica D\u00edaz en 17:48:19 y Mar\u00eda Paula Farinella en 18:27:40.<\/p>\n<p>&nbsp;<\/p>\n<p>Julio Alem y Diego Latasa tambi\u00e9n se animaron al desaf\u00edo de cruzar la Cordillera.<\/p>\n","protected":false},"excerpt":{"rendered":"<p>El pasado fin de semana, atletas de Olavarr\u00eda dijeron presentes en la 20\u00b0 edici\u00f3n de El Cruce y lograron completar<\/p>\n","protected":false},"author":96739694,"featured_media":152372,"comment_status":"closed","ping_status":"closed","sticky":false,"template":"","format":"standard","meta":{"_jetpack_memberships_contains_paid_content":false,"footnotes":""},"categories":[38,1],"tags":[],"class_list":["post-140007","post","type-post","status-publish","format-standard","has-post-thumbnail","hentry","category-pedestrismo","category-portada"],"jetpack_featured_media_url":"https:\/\/i0.wp.com\/cdnoticias.com\/wp-content\/uploads\/2022\/12\/el-cruce-5.png?fit=800%2C445&ssl=1","jetpack_sharing_enabled":true,"_links":{"self":[{"href":"https:\/\/cdnoticias.com\/index.php\/wp-json\/wp\/v2\/posts\/140007","targetHints":{"allow":["GET"]}}],"collection":[{"href":"https:\/\/cdnoticias.com\/index.php\/wp-json\/wp\/v2\/posts"}],"about":[{"href":"https:\/\/cdnoticias.com\/index.php\/wp-json\/wp\/v2\/types\/post"}],"author":[{"embeddable":true,"href":"https:\/\/cdnoticias.com\/index.php\/wp-json\/wp\/v2\/users\/96739694"}],"replies":[{"embeddable":true,"href":"https:\/\/cdnoticias.com\/index.php\/wp-json\/wp\/v2\/comments?post=140007"}],"version-history":[{"count":0,"href":"https:\/\/cdnoticias.com\/index.php\/wp-json\/wp\/v2\/posts\/140007\/revisions"}],"wp:featuredmedia":[{"embeddable":true,"href":"https:\/\/cdnoticias.com\/index.php\/wp-json\/wp\/v2\/media\/152372"}],"wp:attachment":[{"href":"https:\/\/cdnoticias.com\/index.php\/wp-json\/wp\/v2\/media?parent=140007"}],"wp:term":[{"taxonomy":"category","embeddable":true,"href":"https:\/\/cdnoticias.com\/index.php\/wp-json\/wp\/v2\/categories?post=140007"},{"taxonomy":"post_tag","embeddable":true,"href":"https:\/\/cdnoticias.com\/index.php\/wp-json\/wp\/v2\/tags?post=140007"}],"curies":[{"name":"wp","href":"https:\/\/api.w.org\/{rel}","templated":true}]}}