{"id":1400,"date":"2020-09-11T21:04:42","date_gmt":"2020-09-12T00:04:42","guid":{"rendered":"http:\/\/www.centraldenoticias.com.ar\/?p=1400"},"modified":"2020-09-12T16:05:03","modified_gmt":"2020-09-12T19:05:03","slug":"un-abordaje-posible-interesante-conversatorio-virtual-sobre-autismo","status":"publish","type":"post","link":"https:\/\/cdnoticias.com\/index.php\/2020\/09\/11\/un-abordaje-posible-interesante-conversatorio-virtual-sobre-autismo\/","title":{"rendered":"\u201cUn abordaje posible\u201d: Interesante conversatorio virtual sobre autismo"},"content":{"rendered":"<p>La propuesta es llevada a cabo desde el espacio La Letra y contar\u00e1 con la presencia de especialistas. S<strong>er\u00e1 el pr\u00f3ximo s\u00e1bado 26 del corriente mes a trav\u00e9s de la plataforma Zoom.<\/strong><\/p>\n<hr \/>\n<p>&nbsp;<\/p>\n<p>En la ma\u00f1ana del pr\u00f3ximo s\u00e1bado 26 del corriente mes se llevar\u00e1 a cabo un conversatorio virtual denominado \u201cun abordaje posible\u201d, en donde el tema principal ser\u00e1 el autismo. Ser\u00e1 a trav\u00e9s de la plataforma Zoom y aquellos interesados pueden inscribirse o realizar consultas a trav\u00e9s del correo electr\u00f3nico <a href=\"mailto:laletra.olavarria@gmail.com\">laletra.olavarria@gmail.com<\/a>.<\/p>\n<p>&nbsp;<\/p>\n<p>La actividad es organizada por el<a href=\"https:\/\/www.facebook.com\/LaLetraOlavarria\"> espacio de formaci\u00f3n y transmisi\u00f3n del psicoan\u00e1lisis La Letra<\/a> y contar\u00e1 con la presencia de la licenciada en Terapia Ocupacional Mariana L\u00e1zaro y la licenciada en Psicolog\u00eda Mar\u00eda Muro.<\/p>\n<p>&nbsp;<\/p>\n<p>Seg\u00fan se detall\u00f3, la jornada tendr\u00e1 como objetivo <strong>conversar sobre las singularidades de la cl\u00ednica de ni\u00f1os\/as y adolescentes que presenten signos cl\u00ednicos de autismo, desde la perspectiva de la reflexi\u00f3n y revisi\u00f3n continua<\/strong>.<\/p>\n<p>&nbsp;<\/p>\n<blockquote><p>La jornada tendr\u00e1 un valor de 450 pesos y se entregar\u00e1n certificados de asistencia<\/p><\/blockquote>\n<p>&nbsp;<\/p>\n<p>En ese sentido, <strong>\u201cpensando &#8220;el abordaje posible&#8221; no como el \u00fanico sino como el posible<\/strong>, creado desde las coordenadas de la singularidad del ni\u00f1o\/a, y su familia, as\u00ed como la perspectiva singular del profesional y del equipo que pueda constituirse\u201d.<\/p>\n<p>&nbsp;<\/p>\n<p>De acuerdo con lo que se a\u00f1adi\u00f3, <strong>\u201cel acento estar\u00e1 focalizado en pensar en la riqueza de superar ciertas miradas reduccionistas y dicot\u00f3micas, posibilitando el encuentro entre diferentes disciplinas\u201d.<\/strong><\/p>\n<p>&nbsp;<\/p>\n<p>Por \u00faltimo, se explic\u00f3 que <strong>\u201cnos convoca compartir y reflexionar sobre qu\u00e9 observamos y escuchamos cuando nos encontramos con una familia que consulta y c\u00f3mo transitar el momento de la planificaci\u00f3n del dispositivo terap\u00e9utico y las intervenciones.\u201d<\/strong><\/p>\n","protected":false},"excerpt":{"rendered":"<p>La propuesta es llevada a cabo desde el espacio La Letra y contar\u00e1 con la presencia de especialistas. Ser\u00e1 el<\/p>\n","protected":false},"author":3,"featured_media":1401,"comment_status":"closed","ping_status":"closed","sticky":false,"template":"","format":"standard","meta":{"_jetpack_memberships_contains_paid_content":false,"footnotes":""},"categories":[5],"tags":[],"class_list":["post-1400","post","type-post","status-publish","format-standard","has-post-thumbnail","hentry","category-informacion-general"],"jetpack_featured_media_url":"https:\/\/i0.wp.com\/cdnoticias.com\/wp-content\/uploads\/2020\/09\/la-letra.jpg?fit=971%2C560&ssl=1","jetpack_sharing_enabled":true,"_links":{"self":[{"href":"https:\/\/cdnoticias.com\/index.php\/wp-json\/wp\/v2\/posts\/1400","targetHints":{"allow":["GET"]}}],"collection":[{"href":"https:\/\/cdnoticias.com\/index.php\/wp-json\/wp\/v2\/posts"}],"about":[{"href":"https:\/\/cdnoticias.com\/index.php\/wp-json\/wp\/v2\/types\/post"}],"author":[{"embeddable":true,"href":"https:\/\/cdnoticias.com\/index.php\/wp-json\/wp\/v2\/users\/3"}],"replies":[{"embeddable":true,"href":"https:\/\/cdnoticias.com\/index.php\/wp-json\/wp\/v2\/comments?post=1400"}],"version-history":[{"count":0,"href":"https:\/\/cdnoticias.com\/index.php\/wp-json\/wp\/v2\/posts\/1400\/revisions"}],"wp:featuredmedia":[{"embeddable":true,"href":"https:\/\/cdnoticias.com\/index.php\/wp-json\/wp\/v2\/media\/1401"}],"wp:attachment":[{"href":"https:\/\/cdnoticias.com\/index.php\/wp-json\/wp\/v2\/media?parent=1400"}],"wp:term":[{"taxonomy":"category","embeddable":true,"href":"https:\/\/cdnoticias.com\/index.php\/wp-json\/wp\/v2\/categories?post=1400"},{"taxonomy":"post_tag","embeddable":true,"href":"https:\/\/cdnoticias.com\/index.php\/wp-json\/wp\/v2\/tags?post=1400"}],"curies":[{"name":"wp","href":"https:\/\/api.w.org\/{rel}","templated":true}]}}