{"id":139994,"date":"2022-12-07T21:30:44","date_gmt":"2022-12-08T00:30:44","guid":{"rendered":"http:\/\/centraldeportes.com.ar\/?p=28054"},"modified":"2025-02-10T21:43:08","modified_gmt":"2025-02-11T00:43:08","slug":"ya-se-juega-una-nueva-edicion-de-la-copa-embajadores","status":"publish","type":"post","link":"https:\/\/cdnoticias.com\/index.php\/2022\/12\/07\/ya-se-juega-una-nueva-edicion-de-la-copa-embajadores\/","title":{"rendered":"Ya se juega una nueva edici\u00f3n de la \u201cCopa Embajadores\u201d"},"content":{"rendered":"<p>En el transcurso de este mi\u00e9rcoles, comenz\u00f3 una nueva edici\u00f3n de la \u201cCopa Embajadores\u201d. Participan m\u00e1s de 50 equipos.<!--more--><\/p>\n<hr \/>\n<p>Los equipos olavarrienses y algunos representantes azule\u00f1os comenzaron a disputar la \u201cCopa Embajadores\u201d reservada para tres categor\u00edas y que es tradicional aprovechando el fin de semana largo.<\/p>\n<p>&nbsp;<\/p>\n<p>La competencia para la categor\u00eda 2011 est\u00e1 dividida en 6 grupos de 4 equipos, los 2013 son cinco zonas con cuatro equipos y en los menores, los nacidos en 2015 son 2 grupos que suman 12 equipos.<\/p>\n<p>&nbsp;<\/p>\n<p>La jornada inaugural tuvo muchos partidos en horario nocturno en el Tete Di Carlo, pero tambi\u00e9n se utilizaron otras subsedes.<\/p>\n<p>&nbsp;<\/p>\n<p>[soliloquy id=&#8221;28032&#8243;]<\/p>\n<p>&nbsp;<\/p>\n<p>Los campeones de la edici\u00f3n 2022 se conocer\u00e1n el domingo cuando se disputen las finales.<\/p>\n","protected":false},"excerpt":{"rendered":"<p>En el transcurso de este mi\u00e9rcoles, comenz\u00f3 una nueva edici\u00f3n de la \u201cCopa Embajadores\u201d. Participan m\u00e1s de 50 equipos.<\/p>\n","protected":false},"author":96739694,"featured_media":152353,"comment_status":"closed","ping_status":"closed","sticky":false,"template":"","format":"standard","meta":{"_jetpack_memberships_contains_paid_content":false,"footnotes":""},"categories":[35,40,1],"tags":[],"class_list":["post-139994","post","type-post","status-publish","format-standard","has-post-thumbnail","hentry","category-futbol","category-inferiores","category-portada"],"jetpack_featured_media_url":"https:\/\/i0.wp.com\/cdnoticias.com\/wp-content\/uploads\/2022\/12\/copa-ceo-1.jpeg?fit=1280%2C853&ssl=1","jetpack_sharing_enabled":true,"_links":{"self":[{"href":"https:\/\/cdnoticias.com\/index.php\/wp-json\/wp\/v2\/posts\/139994","targetHints":{"allow":["GET"]}}],"collection":[{"href":"https:\/\/cdnoticias.com\/index.php\/wp-json\/wp\/v2\/posts"}],"about":[{"href":"https:\/\/cdnoticias.com\/index.php\/wp-json\/wp\/v2\/types\/post"}],"author":[{"embeddable":true,"href":"https:\/\/cdnoticias.com\/index.php\/wp-json\/wp\/v2\/users\/96739694"}],"replies":[{"embeddable":true,"href":"https:\/\/cdnoticias.com\/index.php\/wp-json\/wp\/v2\/comments?post=139994"}],"version-history":[{"count":0,"href":"https:\/\/cdnoticias.com\/index.php\/wp-json\/wp\/v2\/posts\/139994\/revisions"}],"wp:featuredmedia":[{"embeddable":true,"href":"https:\/\/cdnoticias.com\/index.php\/wp-json\/wp\/v2\/media\/152353"}],"wp:attachment":[{"href":"https:\/\/cdnoticias.com\/index.php\/wp-json\/wp\/v2\/media?parent=139994"}],"wp:term":[{"taxonomy":"category","embeddable":true,"href":"https:\/\/cdnoticias.com\/index.php\/wp-json\/wp\/v2\/categories?post=139994"},{"taxonomy":"post_tag","embeddable":true,"href":"https:\/\/cdnoticias.com\/index.php\/wp-json\/wp\/v2\/tags?post=139994"}],"curies":[{"name":"wp","href":"https:\/\/api.w.org\/{rel}","templated":true}]}}