{"id":139990,"date":"2022-12-07T17:41:48","date_gmt":"2022-12-07T20:41:48","guid":{"rendered":"http:\/\/centraldeportes.com.ar\/?p=28019"},"modified":"2025-02-10T21:41:10","modified_gmt":"2025-02-11T00:41:10","slug":"javier-lobo-se-quedo-con-la-fecha-38","status":"publish","type":"post","link":"https:\/\/cdnoticias.com\/index.php\/2022\/12\/07\/javier-lobo-se-quedo-con-la-fecha-38\/","title":{"rendered":"Javier Lobo se qued\u00f3 con la fecha 38"},"content":{"rendered":"<p>Este martes se adelant\u00f3 la antepen\u00faltima fecha del Torneo anual \u201cRanking Piana del Sole\u201d y el ganador en Categor\u00eda \u00danica fue Javier Lobo entre 15 participantes.<\/p>\n<p><!--more--><\/p>\n<hr \/>\n<p>Resultados finales:<\/p>\n<p>1\u00b0: Javier Lobo 30 golpes netos<br \/>\n2\u00b0: Enrique S\u00e1nchez 31 golpes netos<br \/>\n3\u00b0: Amadeo Papa 31 golpes netos<\/p>\n<p>&nbsp;<\/p>\n<p>Va llegando a su fin el a\u00f1o golf\u00edstico y este fin de semana largo habr\u00e1 holgada actividad en los links albinegros ya que el jueves habr\u00e1 un Medal Play 18 hoyos \u201cMemorial \u2018Pichi\u2019 Garc\u00eda\u201d, luego, el s\u00e1bado habr\u00e1 una laguneada de 18 hoyos \u201cMemorial \u2018Gato\u2019 Galli\u201d, y, por \u00faltimo, el domingo ser\u00e1 la \u00faltima fecha de la \u201cRyder Cup\u201d. En cuanto a lo que es el torneo de los mi\u00e9rcoles, se jugar\u00e1 propiamente el 14 y el 21 de diciembre para conocer al ganador anual.<\/p>\n","protected":false},"excerpt":{"rendered":"<p>Este martes se adelant\u00f3 la antepen\u00faltima fecha del Torneo anual \u201cRanking Piana del Sole\u201d y el ganador en Categor\u00eda \u00danica<\/p>\n","protected":false},"author":96739694,"featured_media":146494,"comment_status":"closed","ping_status":"closed","sticky":false,"template":"","format":"standard","meta":{"_jetpack_memberships_contains_paid_content":false,"footnotes":""},"categories":[30,1],"tags":[],"class_list":["post-139990","post","type-post","status-publish","format-standard","has-post-thumbnail","hentry","category-polideportivo","category-portada"],"jetpack_featured_media_url":"https:\/\/i0.wp.com\/cdnoticias.com\/wp-content\/uploads\/2022\/04\/WhatsApp-Image-2022-04-06-at-7.51.42-PM-e1670445770144.jpeg?fit=1280%2C713&ssl=1","jetpack_sharing_enabled":true,"_links":{"self":[{"href":"https:\/\/cdnoticias.com\/index.php\/wp-json\/wp\/v2\/posts\/139990","targetHints":{"allow":["GET"]}}],"collection":[{"href":"https:\/\/cdnoticias.com\/index.php\/wp-json\/wp\/v2\/posts"}],"about":[{"href":"https:\/\/cdnoticias.com\/index.php\/wp-json\/wp\/v2\/types\/post"}],"author":[{"embeddable":true,"href":"https:\/\/cdnoticias.com\/index.php\/wp-json\/wp\/v2\/users\/96739694"}],"replies":[{"embeddable":true,"href":"https:\/\/cdnoticias.com\/index.php\/wp-json\/wp\/v2\/comments?post=139990"}],"version-history":[{"count":0,"href":"https:\/\/cdnoticias.com\/index.php\/wp-json\/wp\/v2\/posts\/139990\/revisions"}],"wp:featuredmedia":[{"embeddable":true,"href":"https:\/\/cdnoticias.com\/index.php\/wp-json\/wp\/v2\/media\/146494"}],"wp:attachment":[{"href":"https:\/\/cdnoticias.com\/index.php\/wp-json\/wp\/v2\/media?parent=139990"}],"wp:term":[{"taxonomy":"category","embeddable":true,"href":"https:\/\/cdnoticias.com\/index.php\/wp-json\/wp\/v2\/categories?post=139990"},{"taxonomy":"post_tag","embeddable":true,"href":"https:\/\/cdnoticias.com\/index.php\/wp-json\/wp\/v2\/tags?post=139990"}],"curies":[{"name":"wp","href":"https:\/\/api.w.org\/{rel}","templated":true}]}}