{"id":139978,"date":"2022-12-05T21:50:19","date_gmt":"2022-12-06T00:50:19","guid":{"rendered":"http:\/\/centraldeportes.com.ar\/?p=27960"},"modified":"2025-02-10T21:25:15","modified_gmt":"2025-02-11T00:25:15","slug":"lucas-scarnato-nos-equivocamos-alla-y-lo-pagamos-caro-no-hay-excusas","status":"publish","type":"post","link":"https:\/\/cdnoticias.com\/index.php\/2022\/12\/05\/lucas-scarnato-nos-equivocamos-alla-y-lo-pagamos-caro-no-hay-excusas\/","title":{"rendered":"Lucas Scarnato: \u201cNos equivocamos all\u00e1 y lo pagamos caro, no hay excusas\u201d"},"content":{"rendered":"<p>Afirm\u00f3 sin tapujos el delantero de Ferro, figura en la noche del pasado domingo donde el conjunto \u201cCarbonero\u201d se impuso 2 a 0 ante Atl\u00e9tico Mar del Plata pero no le alcanz\u00f3 para revertir la situaci\u00f3n y qued\u00f3 eliminado.<!--more--><\/p>\n<hr \/>\n<p><strong>El duro golpe sufrido en Mar del Plata<\/strong> (1 \u2013 4) <strong>se le hizo cuesta arriba a Ferro<\/strong>, que si bien hizo todo lo posible para <a href=\"https:\/\/cdnoticias.com\/ferro-gano-pero-no-consiguio-remontar-y-se-despidio-del-regional-amateur\/\">revertir el resultado en el Colasurdo<\/a> donde mostr\u00f3 una mejor imagen, <strong>se qued\u00f3 corto con la diferencia 2 a 0 a su favor<\/strong>.<\/p>\n<p>&nbsp;<\/p>\n<p><strong>Lucas Scarnato tuvo uno de sus mejores partidos con la camiseta \u201cCarbonera\u201d y convirti\u00f3 los dos goles del triunfo<\/strong>, ambos de penal (6\u2019 y 94\u2019) en la revancha de octavos ante el \u201cDecano\u201d de Mar del Plata. Una vez consumada la victoria, pero tambi\u00e9n la eliminaci\u00f3n de Ferro, el atacante habl\u00f3 con la prensa y analiz\u00f3 lo acontecido.<\/p>\n<p>&nbsp;<\/p>\n<p>\u201c<em><strong>Est\u00e1 claro que lo perdimos all\u00e1, cometimos errores y hay que hacerse cargo<\/strong>, particularmente en lo personal <strong>no soy de poner excusas<\/strong> y en los grupos donde trabajo trato de transmitir eso\u201d<\/em>, comenz\u00f3 declarando sin pretextos el delantero y luego continu\u00f3: <em>\u201c<strong>Nos equivocamos all\u00e1 y lo pagamos caro, pero demostramos que fuimos otro equipo comparado al de la ida<\/strong>\u201d<\/em>, recalc\u00f3.<\/p>\n<p>&nbsp;<\/p>\n<p><img data-recalc-dims=\"1\" loading=\"lazy\" decoding=\"async\" class=\"aligncenter size-full wp-image-27873\" src=\"https:\/\/i0.wp.com\/centraldeportes.com.ar\/wp-content\/uploads\/2022\/12\/ferro-trfa-9.jpeg?resize=800%2C536\" alt=\"\" width=\"800\" height=\"536\" \/><\/p>\n<p>&nbsp;<\/p>\n<p>Abocado espec\u00edficamente a lo que fue el cotejo revancha, Scarnato sostuvo que: \u201c<em><strong>Hoy no estuvimos tan finos como otras veces<\/strong>, la desesperaci\u00f3n de saber que ten\u00edamos que hacer 3 o 4 goles llev\u00f3 a la deformaci\u00f3n de la t\u00e9cnica, al estr\u00e9s deportivo y quiz\u00e1 a tomar malas decisiones\u201d, <\/em>y m\u00e1s tarde remat\u00f3: <em>\u201c<strong>Que esto sirva para madurar porque este club tiene todo para seguir creciendo<\/strong>\u201d.<\/em><\/p>\n<p>&nbsp;<\/p>\n<blockquote><p><em>\u201cMe llevo una experiencia hermosa me han tratado de diez, es la primera vez que me tocaba estar lejos de mi familia y no me hicieron sentir eso, destaco principalmente la calidez humana\u201d.<\/em><\/p><\/blockquote>\n<p>&nbsp;<\/p>\n<p>Con los dos goles convertidos frente a Atl\u00e9tico, Scarnato se convirti\u00f3 en el goleador de Ferro durante su recorrido en el Regional con 4 gritos: <em>\u201c<strong>Mi juego se ve reflejado si mi equipo colabora, me debo a mis compa\u00f1eros<\/strong>, s\u00e9 el sacrificio que hacen tanto defensores como volantes pero bueno, nos quedamos sin nada, <strong>nos vamos tristes pero con la frente en alto porque cambiamos la imagen<\/strong>\u201d, <\/em>coment\u00f3.<\/p>\n<p>&nbsp;<\/p>\n<p>Haciendo foco en su futuro, el goleador mencion\u00f3: \u201c<em><strong>Pertenezco a San Miguel, tengo contrato hasta el 31 de diciembre, quer\u00eda quedarme hasta lo \u00faltimo que era el objetivo<\/strong>\u201d. <\/em>Luego, para finalizar, dej\u00f3 unas sentidas palabras para todo el pueblo \u201cCarbonero\u201d: <em>\u201c<strong>Le agradezco al club que me ha dado la posibilidad de desarrollarme<\/strong>, de pagarme un sueldo por hacer lo que me gusta, <strong>espero haber dejado algo en el hincha y en mis compa\u00f1eros, que seguramente nos volveremos a encontrar<\/strong>\u201d, <\/em>cerr\u00f3.<\/p>\n","protected":false},"excerpt":{"rendered":"<p>Afirm\u00f3 sin tapujos el delantero de Ferro, figura en la noche del pasado domingo donde el conjunto \u201cCarbonero\u201d se impuso<\/p>\n","protected":false},"author":96739694,"featured_media":152150,"comment_status":"closed","ping_status":"closed","sticky":false,"template":"","format":"standard","meta":{"_jetpack_memberships_contains_paid_content":false,"footnotes":""},"categories":[35,1,54],"tags":[],"class_list":["post-139978","post","type-post","status-publish","format-standard","has-post-thumbnail","hentry","category-futbol","category-portada","category-torneo-regional-amateur"],"jetpack_featured_media_url":"https:\/\/i0.wp.com\/cdnoticias.com\/wp-content\/uploads\/2022\/12\/scarnato.jpeg?fit=1500%2C1000&ssl=1","jetpack_sharing_enabled":true,"_links":{"self":[{"href":"https:\/\/cdnoticias.com\/index.php\/wp-json\/wp\/v2\/posts\/139978","targetHints":{"allow":["GET"]}}],"collection":[{"href":"https:\/\/cdnoticias.com\/index.php\/wp-json\/wp\/v2\/posts"}],"about":[{"href":"https:\/\/cdnoticias.com\/index.php\/wp-json\/wp\/v2\/types\/post"}],"author":[{"embeddable":true,"href":"https:\/\/cdnoticias.com\/index.php\/wp-json\/wp\/v2\/users\/96739694"}],"replies":[{"embeddable":true,"href":"https:\/\/cdnoticias.com\/index.php\/wp-json\/wp\/v2\/comments?post=139978"}],"version-history":[{"count":0,"href":"https:\/\/cdnoticias.com\/index.php\/wp-json\/wp\/v2\/posts\/139978\/revisions"}],"wp:featuredmedia":[{"embeddable":true,"href":"https:\/\/cdnoticias.com\/index.php\/wp-json\/wp\/v2\/media\/152150"}],"wp:attachment":[{"href":"https:\/\/cdnoticias.com\/index.php\/wp-json\/wp\/v2\/media?parent=139978"}],"wp:term":[{"taxonomy":"category","embeddable":true,"href":"https:\/\/cdnoticias.com\/index.php\/wp-json\/wp\/v2\/categories?post=139978"},{"taxonomy":"post_tag","embeddable":true,"href":"https:\/\/cdnoticias.com\/index.php\/wp-json\/wp\/v2\/tags?post=139978"}],"curies":[{"name":"wp","href":"https:\/\/api.w.org\/{rel}","templated":true}]}}