{"id":139969,"date":"2022-12-05T15:43:45","date_gmt":"2022-12-05T18:43:45","guid":{"rendered":"http:\/\/centraldeportes.com.ar\/?p=27934"},"modified":"2025-02-10T21:23:50","modified_gmt":"2025-02-11T00:23:50","slug":"medallas-para-el-fortin-en-el-campeonato-provincial","status":"publish","type":"post","link":"https:\/\/cdnoticias.com\/index.php\/2022\/12\/05\/medallas-para-el-fortin-en-el-campeonato-provincial\/","title":{"rendered":"Medallas para El Fort\u00edn en el Campeonato Provincial"},"content":{"rendered":"<p>En Tornquist se llev\u00f3 a cabo el Campeonato Provincial Sub12 y Sub14 de atletismo y varios representantes del Club El Fort\u00edn dijeron presentes con destacados resultados.<\/p>\n<p><!--more--><\/p>\n<hr \/>\n<p>David Clar, Brisa Bassano, Catalina Bettiga, Francesca Bolognani, Cindy Irigoyenborde, \u00darsula Bellinzoni y Julieta Gonz\u00e1lez estuvieron acompa\u00f1ados por Jorge \u201cBobby\u201d Bellinzoni en la competencia.<\/p>\n<p>&nbsp;<\/p>\n<p>La mejor actuaci\u00f3n olavarriense fue la de Cindy Irigoyemborde que se consagr\u00f3 campeona provincial en la prueba de 150 metros con un tiempo de 16.2, logr\u00f3 medalla de plata en salto en largo con 3,99 metros e integr\u00f3 el equipo ganador de la posta 5&#215;80.<\/p>\n<p>&nbsp;<\/p>\n<p>Adem\u00e1s de Irgoyemborde, entre las Damas, en la prueba de 80 metros, Brisa Bassano fue segunda en su serie, Catalina Bettiga se ubic\u00f3 tercera y Francesca Bolognani termin\u00f3 segunda en su serie con 11.3 y logr\u00f3 el mejor tiempo de las representantes locales.<\/p>\n<p>&nbsp;<\/p>\n<p>En los 150 metros, Bolognani fue 4\u00b0 en la final, Bettiga se ubic\u00f3 11\u00b0, Bassano termin\u00f3 en el 13\u00b0 puesto y todas conformaron el equipo que marc\u00f3 un tiempo de 60.1 en la definici\u00f3n de la prueba de postas.<\/p>\n<p>&nbsp;<\/p>\n<p>En la prueba de salto dentro de la categor\u00eda Sub14, Bolognani fue 13\u00b0 y Bassano 14\u00b0.<\/p>\n<p>&nbsp;<\/p>\n<p>David Clar, por su parte, compiti\u00f3 en 80 metros y fue quinto en su serie y tambi\u00e9n particip\u00f3 en los 150 metros donde 9\u00b0 en la Final con 22.4.<\/p>\n<p>&nbsp;<\/p>\n<p>Por otro lado, en la categor\u00eda Damas Sub12, \u00darsula Bellinzoni y Julieta Gonz\u00e1lez compitieron en los 50 metros y tambi\u00e9n en salto en largo.<\/p>\n","protected":false},"excerpt":{"rendered":"<p>En Tornquist se llev\u00f3 a cabo el Campeonato Provincial Sub12 y Sub14 de atletismo y varios representantes del Club El<\/p>\n","protected":false},"author":96739694,"featured_media":152102,"comment_status":"closed","ping_status":"closed","sticky":false,"template":"","format":"standard","meta":{"_jetpack_memberships_contains_paid_content":false,"footnotes":""},"categories":[38,1],"tags":[],"class_list":["post-139969","post","type-post","status-publish","format-standard","has-post-thumbnail","hentry","category-pedestrismo","category-portada"],"jetpack_featured_media_url":"https:\/\/i0.wp.com\/cdnoticias.com\/wp-content\/uploads\/2022\/12\/WhatsApp-Image-2022-12-05-at-15.25.55.jpeg?fit=1280%2C853&ssl=1","jetpack_sharing_enabled":true,"_links":{"self":[{"href":"https:\/\/cdnoticias.com\/index.php\/wp-json\/wp\/v2\/posts\/139969","targetHints":{"allow":["GET"]}}],"collection":[{"href":"https:\/\/cdnoticias.com\/index.php\/wp-json\/wp\/v2\/posts"}],"about":[{"href":"https:\/\/cdnoticias.com\/index.php\/wp-json\/wp\/v2\/types\/post"}],"author":[{"embeddable":true,"href":"https:\/\/cdnoticias.com\/index.php\/wp-json\/wp\/v2\/users\/96739694"}],"replies":[{"embeddable":true,"href":"https:\/\/cdnoticias.com\/index.php\/wp-json\/wp\/v2\/comments?post=139969"}],"version-history":[{"count":0,"href":"https:\/\/cdnoticias.com\/index.php\/wp-json\/wp\/v2\/posts\/139969\/revisions"}],"wp:featuredmedia":[{"embeddable":true,"href":"https:\/\/cdnoticias.com\/index.php\/wp-json\/wp\/v2\/media\/152102"}],"wp:attachment":[{"href":"https:\/\/cdnoticias.com\/index.php\/wp-json\/wp\/v2\/media?parent=139969"}],"wp:term":[{"taxonomy":"category","embeddable":true,"href":"https:\/\/cdnoticias.com\/index.php\/wp-json\/wp\/v2\/categories?post=139969"},{"taxonomy":"post_tag","embeddable":true,"href":"https:\/\/cdnoticias.com\/index.php\/wp-json\/wp\/v2\/tags?post=139969"}],"curies":[{"name":"wp","href":"https:\/\/api.w.org\/{rel}","templated":true}]}}