{"id":139951,"date":"2022-12-03T02:12:50","date_gmt":"2022-12-03T05:12:50","guid":{"rendered":"http:\/\/centraldeportes.com.ar\/?p=27740"},"modified":"2025-02-10T21:22:54","modified_gmt":"2025-02-11T00:22:54","slug":"la-9-fecha-comenzo-de-manera-parcial-con-cinco-partidos","status":"publish","type":"post","link":"https:\/\/cdnoticias.com\/index.php\/2022\/12\/03\/la-9-fecha-comenzo-de-manera-parcial-con-cinco-partidos\/","title":{"rendered":"La 9\u00b0 fecha comenz\u00f3 de manera parcial con cinco partidos"},"content":{"rendered":"<p>Los duelos de Loma Negra \u2013 Ferro y El Fort\u00edn \u2013 San Mart\u00edn en algunas categor\u00edas, abrieron este viernes la 9\u00b0 fecha de la \u201cCopa Ciudad de Olavarr\u00eda\u201d.<!--more--><\/p>\n<hr \/>\n<p><strong>El \u00faltimo torneo oficial del a\u00f1o<\/strong> para las categor\u00edas de Inferiores <strong>disput\u00f3 en la tarde noche de este viernes algunos partidos correspondientes a la 9\u00b0 fecha<\/strong>, que tiene como \u00fanico equipo libre este fin de semana a Hinojo.<\/p>\n<p>&nbsp;<\/p>\n<p>La acci\u00f3n se traslad\u00f3 a los campos de juego del Ricardo S\u00e1nchez y el predio de Villa Alfredo Fortabat con los enfrentamientos entre <strong>El Fort\u00edn \u2013 San Mart\u00edn y Loma Negra \u2013 Ferro en Octava, S\u00e9ptima, Sexta y Quinta<\/strong>.<\/p>\n<p>&nbsp;<\/p>\n<p>En total hubo 11 goles entre los cinco duelos de la fecha, que <strong>tendr\u00e1 continuidad este s\u00e1bado en el horario previo al partido de la Selecci\u00f3n Argentina<\/strong>.<\/p>\n<p>&nbsp;<\/p>\n<p>[soliloquy id=&#8221;27733&#8243;]<\/p>\n<p>&nbsp;<\/p>\n<h6><strong>Resultados<\/strong><\/h6>\n<p>&nbsp;<\/p>\n<p><strong>En Octava<\/strong>:<\/p>\n<p>Loma Negra<strong> 1<\/strong> \u2013 <strong>1<\/strong> Ferro<\/p>\n<p>El Fort\u00edn <strong>0<\/strong> \u2013 <strong>1<\/strong> San Mart\u00edn<\/p>\n<p>&nbsp;<\/p>\n<p><strong>En S\u00e9ptima:<\/strong><\/p>\n<p>Loma Negra <strong>0<\/strong> \u2013 <strong>3<\/strong> Ferro<\/p>\n<p>&nbsp;<\/p>\n<p><strong>En Sexta:<\/strong><\/p>\n<p>El Fort\u00edn <strong>1<\/strong> \u2013 <strong>0<\/strong> San Mart\u00edn<\/p>\n<p>&nbsp;<\/p>\n<p><strong>En Quinta:<\/strong><\/p>\n<p>Loma Negra <strong>1<\/strong> \u2013 <strong>3<\/strong> Ferro<\/p>\n","protected":false},"excerpt":{"rendered":"<p>Los duelos de Loma Negra \u2013 Ferro y El Fort\u00edn \u2013 San Mart\u00edn en algunas categor\u00edas, abrieron este viernes la<\/p>\n","protected":false},"author":96739694,"featured_media":152053,"comment_status":"closed","ping_status":"closed","sticky":false,"template":"","format":"standard","meta":{"_jetpack_memberships_contains_paid_content":false,"footnotes":""},"categories":[35,40,1],"tags":[],"class_list":["post-139951","post","type-post","status-publish","format-standard","has-post-thumbnail","hentry","category-futbol","category-inferiores","category-portada"],"jetpack_featured_media_url":"https:\/\/i0.wp.com\/cdnoticias.com\/wp-content\/uploads\/2022\/12\/inf-lfo-4.jpeg?fit=1280%2C853&ssl=1","jetpack_sharing_enabled":true,"_links":{"self":[{"href":"https:\/\/cdnoticias.com\/index.php\/wp-json\/wp\/v2\/posts\/139951","targetHints":{"allow":["GET"]}}],"collection":[{"href":"https:\/\/cdnoticias.com\/index.php\/wp-json\/wp\/v2\/posts"}],"about":[{"href":"https:\/\/cdnoticias.com\/index.php\/wp-json\/wp\/v2\/types\/post"}],"author":[{"embeddable":true,"href":"https:\/\/cdnoticias.com\/index.php\/wp-json\/wp\/v2\/users\/96739694"}],"replies":[{"embeddable":true,"href":"https:\/\/cdnoticias.com\/index.php\/wp-json\/wp\/v2\/comments?post=139951"}],"version-history":[{"count":0,"href":"https:\/\/cdnoticias.com\/index.php\/wp-json\/wp\/v2\/posts\/139951\/revisions"}],"wp:featuredmedia":[{"embeddable":true,"href":"https:\/\/cdnoticias.com\/index.php\/wp-json\/wp\/v2\/media\/152053"}],"wp:attachment":[{"href":"https:\/\/cdnoticias.com\/index.php\/wp-json\/wp\/v2\/media?parent=139951"}],"wp:term":[{"taxonomy":"category","embeddable":true,"href":"https:\/\/cdnoticias.com\/index.php\/wp-json\/wp\/v2\/categories?post=139951"},{"taxonomy":"post_tag","embeddable":true,"href":"https:\/\/cdnoticias.com\/index.php\/wp-json\/wp\/v2\/tags?post=139951"}],"curies":[{"name":"wp","href":"https:\/\/api.w.org\/{rel}","templated":true}]}}