{"id":139947,"date":"2022-12-02T20:22:23","date_gmt":"2022-12-02T23:22:23","guid":{"rendered":"http:\/\/centraldeportes.com.ar\/?p=27704"},"modified":"2025-02-10T21:23:02","modified_gmt":"2025-02-11T00:23:02","slug":"el-campus-cab-cerro-dos-dias-de-jornada-a-puro-basquet-en-la-ciudad","status":"publish","type":"post","link":"https:\/\/cdnoticias.com\/index.php\/2022\/12\/02\/el-campus-cab-cerro-dos-dias-de-jornada-a-puro-basquet-en-la-ciudad\/","title":{"rendered":"El Campus CAB cerr\u00f3 dos d\u00edas de jornada a puro b\u00e1squet en la ciudad"},"content":{"rendered":"<p>Este viernes por la tarde, en las instalaciones del club Estudiantes, se llev\u00f3 a cabo el segundo y \u00faltimo d\u00eda del campus Plan de Desarrollo Federal a cargo del Staff \u00a0de Inferiores de la Selecci\u00f3n Argentina. \u201c<em>Queremos traer el mensaje de que el trabajo sobre las bases es s\u00faper importante<\/em>\u201d, se\u00f1alo el Coordinador General Mariano Marcos.<!--more--><\/p>\n<hr \/>\n<p>Luego de dos d\u00edas a pura actividad, en la tarde de este viernes<strong> culmin\u00f3 de manera satisfactoria el Campus denominado Plan de Desarrollo Federal llevado adelante en los gimnasios de la entidad \u201cAlbinegra\u201d<\/strong>. El evento gestionado por la Asociaci\u00f3n de B\u00e1squet de Olavarr\u00eda estuvo <strong>bajo las \u00f3rdenes del Staff de Selecciones Juveniles de Argentina<\/strong> encabezado por dos coordinadores de la Confederaci\u00f3n Argentina de B\u00e1squet y todo su equipo de trabajo.<\/p>\n<p>&nbsp;<\/p>\n<p>Entre jueves y viernes, <strong>m\u00e1s de 70 chicos y chicas de clubes de Olavarr\u00eda y la Zona<\/strong> &#8211; categor\u00edas 2006\/2007 &#8211; que hab\u00edan sido preseleccionados anteriormente, <strong>fueron los protagonistas del Plan de Entrenamiento<\/strong> que cont\u00f3 con doble turno durante ambos d\u00edas.<\/p>\n<p>&nbsp;<\/p>\n<p><em>\u201c<strong>Los dos d\u00edas de actividad fueron muy productivos, este es el PDF (Plan de Desarrollo Federal) n\u00famero 13 que hacemos durante el a\u00f1o<\/strong>\u201d<\/em>, relat\u00f3 Mariano Marcos, Coordinador General CAB de la rama masculina y femenina.<\/p>\n<p>&nbsp;<\/p>\n<blockquote><p>\u201c<em>Queremos traer el mensaje de que el trabajo sobre las bases es s\u00faper importante ya sea desde la t\u00e9cnica individual, darle m\u00e1s tiempo a los lanzamientos extra y trabajar mucho m\u00e1s desde lo f\u00edsico para poder proyectar esas condiciones a futuro en el profesionalismo\u201d<\/em>, destac\u00f3.<\/p><\/blockquote>\n<p>&nbsp;<\/p>\n<p>[soliloquy id=&#8221;27679&#8243;]<\/p>\n<p>&nbsp;<\/p>\n<p><em>\u201c<strong>Olavarr\u00eda es una plaza muy conocida, con un gran b\u00e1squet y la verdad que vimos muchos chicos con condiciones, con conocimiento de juego y t\u00e9cnica individual<\/strong>\u201d<\/em>, sostuvo Marcos sobre lo evaluado durante la jornada.<\/p>\n<p>&nbsp;<\/p>\n<blockquote><p>\u201c<em>El b\u00e1squet femenino est\u00e1 creciendo mucho en nuestro pa\u00eds, la Confederaci\u00f3n tiene un mensaje muy abierto, que es tratar de potenciar a la rama para que pueda llegar a igualar lo que ha hecho en alg\u00fan momento el masculino\u201d.<\/em><\/p><\/blockquote>\n<p>&nbsp;<\/p>\n<p>Previo al cierre de la actividad, la nutricionista del Staff brind\u00f3 una charla abierta para los jugadores y padres que se hicieron presentes en el Maxigimnasio. M\u00e1s tarde, <strong>el presidente de la Asociaci\u00f3n de B\u00e1squet de Olavarr\u00eda Marcos Barrera<\/strong>, tom\u00f3 la palabra en el cierre y agradeci\u00f3 a todo el cuerpo t\u00e9cnico de la Selecci\u00f3n Argentina, como tambi\u00e9n a los entrenadores y preparadores f\u00edsicos locales, delegados, jugadores y padres que se acercaron a observar la jornada.<\/p>\n<p>&nbsp;<\/p>\n<p>\u201c<em><strong>Este tipo de actividades motiva mucho, a cada lugar que vamos del Campus a los chicos y chicas les cae la ficha de que no es imposible lograr un objetivo so\u00f1ado sino que hay trabajar para eso<\/strong>\u201d<\/em>, concluy\u00f3 Mariano Marcos.<\/p>\n","protected":false},"excerpt":{"rendered":"<p>Este viernes por la tarde, en las instalaciones del club Estudiantes, se llev\u00f3 a cabo el segundo y \u00faltimo d\u00eda<\/p>\n","protected":false},"author":96739694,"featured_media":152063,"comment_status":"closed","ping_status":"closed","sticky":false,"template":"","format":"standard","meta":{"_jetpack_memberships_contains_paid_content":false,"footnotes":""},"categories":[31,44,1],"tags":[],"class_list":["post-139947","post","type-post","status-publish","format-standard","has-post-thumbnail","hentry","category-basquet","category-inferiores-basquet","category-portada"],"jetpack_featured_media_url":"https:\/\/i0.wp.com\/cdnoticias.com\/wp-content\/uploads\/2022\/12\/Photo_1669987159438.jpg?fit=1280%2C853&ssl=1","jetpack_sharing_enabled":true,"_links":{"self":[{"href":"https:\/\/cdnoticias.com\/index.php\/wp-json\/wp\/v2\/posts\/139947","targetHints":{"allow":["GET"]}}],"collection":[{"href":"https:\/\/cdnoticias.com\/index.php\/wp-json\/wp\/v2\/posts"}],"about":[{"href":"https:\/\/cdnoticias.com\/index.php\/wp-json\/wp\/v2\/types\/post"}],"author":[{"embeddable":true,"href":"https:\/\/cdnoticias.com\/index.php\/wp-json\/wp\/v2\/users\/96739694"}],"replies":[{"embeddable":true,"href":"https:\/\/cdnoticias.com\/index.php\/wp-json\/wp\/v2\/comments?post=139947"}],"version-history":[{"count":0,"href":"https:\/\/cdnoticias.com\/index.php\/wp-json\/wp\/v2\/posts\/139947\/revisions"}],"wp:featuredmedia":[{"embeddable":true,"href":"https:\/\/cdnoticias.com\/index.php\/wp-json\/wp\/v2\/media\/152063"}],"wp:attachment":[{"href":"https:\/\/cdnoticias.com\/index.php\/wp-json\/wp\/v2\/media?parent=139947"}],"wp:term":[{"taxonomy":"category","embeddable":true,"href":"https:\/\/cdnoticias.com\/index.php\/wp-json\/wp\/v2\/categories?post=139947"},{"taxonomy":"post_tag","embeddable":true,"href":"https:\/\/cdnoticias.com\/index.php\/wp-json\/wp\/v2\/tags?post=139947"}],"curies":[{"name":"wp","href":"https:\/\/api.w.org\/{rel}","templated":true}]}}