{"id":139924,"date":"2022-11-29T19:59:18","date_gmt":"2022-11-29T22:59:18","guid":{"rendered":"http:\/\/centraldeportes.com.ar\/?p=27574"},"modified":"2025-02-10T21:07:03","modified_gmt":"2025-02-11T00:07:03","slug":"estudiantes-sera-sede-del-plan-de-desarrollo-federal-de-cab","status":"publish","type":"post","link":"https:\/\/cdnoticias.com\/index.php\/2022\/11\/29\/estudiantes-sera-sede-del-plan-de-desarrollo-federal-de-cab\/","title":{"rendered":"Estudiantes ser\u00e1 sede del Plan de Desarrollo Federal de CAB"},"content":{"rendered":"<p>Este fin de semana en el Maxigimnasio del Club Atl\u00e9tico Estudiantes se realizar\u00e1 un nuevo encuentro del Plan de Desarrollo Federal impulsado por la Confederaci\u00f3n Argentina de B\u00e1squet.<\/p>\n<p><!--more--><\/p>\n<hr \/>\n<p>Arribar\u00e1n a nuestra ciudad parte del staff de Selecciones Nacionales Juveniles con el objetivo de desarrollar un plan de entrenamiento y captar futuros talentos, como se realiz\u00f3 semanas atr\u00e1s en Bah\u00eda Blanca que tuvo la presencia de cuatro Bataraces.<\/p>\n<p>&nbsp;<\/p>\n<p>En este caso, por Estudiantes estar\u00e1n presentes Gonzalo Aman, Gonzalo Cisneros, Mat\u00edas Beltramella, Bautista Cincunegui, Juan Garay, Santino Di Julio y Mauricio Beltramella.<\/p>\n<p>&nbsp;<\/p>\n<p>El Campus est\u00e1 orientado a las categor\u00edas 2006 &#8211; 2007 tanto para la rama femenina como masculina. Esperamos que nuestras instalaciones est\u00e9n a la altura de la circunstancia y que sean de utilidad para la formaci\u00f3n de jugadores que es lo primordial y sobre todo transmitir valores para afuera de la cancha.<\/p>\n","protected":false},"excerpt":{"rendered":"<p>Este fin de semana en el Maxigimnasio del Club Atl\u00e9tico Estudiantes se realizar\u00e1 un nuevo encuentro del Plan de Desarrollo<\/p>\n","protected":false},"author":96739694,"featured_media":151937,"comment_status":"closed","ping_status":"closed","sticky":false,"template":"","format":"standard","meta":{"_jetpack_memberships_contains_paid_content":false,"footnotes":""},"categories":[31,44,1],"tags":[],"class_list":["post-139924","post","type-post","status-publish","format-standard","has-post-thumbnail","hentry","category-basquet","category-inferiores-basquet","category-portada"],"jetpack_featured_media_url":"https:\/\/i0.wp.com\/cdnoticias.com\/wp-content\/uploads\/2022\/11\/inf-abo-2.jpeg?fit=1280%2C853&ssl=1","jetpack_sharing_enabled":true,"_links":{"self":[{"href":"https:\/\/cdnoticias.com\/index.php\/wp-json\/wp\/v2\/posts\/139924","targetHints":{"allow":["GET"]}}],"collection":[{"href":"https:\/\/cdnoticias.com\/index.php\/wp-json\/wp\/v2\/posts"}],"about":[{"href":"https:\/\/cdnoticias.com\/index.php\/wp-json\/wp\/v2\/types\/post"}],"author":[{"embeddable":true,"href":"https:\/\/cdnoticias.com\/index.php\/wp-json\/wp\/v2\/users\/96739694"}],"replies":[{"embeddable":true,"href":"https:\/\/cdnoticias.com\/index.php\/wp-json\/wp\/v2\/comments?post=139924"}],"version-history":[{"count":0,"href":"https:\/\/cdnoticias.com\/index.php\/wp-json\/wp\/v2\/posts\/139924\/revisions"}],"wp:featuredmedia":[{"embeddable":true,"href":"https:\/\/cdnoticias.com\/index.php\/wp-json\/wp\/v2\/media\/151937"}],"wp:attachment":[{"href":"https:\/\/cdnoticias.com\/index.php\/wp-json\/wp\/v2\/media?parent=139924"}],"wp:term":[{"taxonomy":"category","embeddable":true,"href":"https:\/\/cdnoticias.com\/index.php\/wp-json\/wp\/v2\/categories?post=139924"},{"taxonomy":"post_tag","embeddable":true,"href":"https:\/\/cdnoticias.com\/index.php\/wp-json\/wp\/v2\/tags?post=139924"}],"curies":[{"name":"wp","href":"https:\/\/api.w.org\/{rel}","templated":true}]}}