{"id":139901,"date":"2022-11-27T09:29:16","date_gmt":"2022-11-27T12:29:16","guid":{"rendered":"http:\/\/centraldeportes.com.ar\/?p=27411"},"modified":"2025-02-10T21:06:30","modified_gmt":"2025-02-11T00:06:30","slug":"no-pudo-ser-para-chingotto-y-garrido-en-mexico","status":"publish","type":"post","link":"https:\/\/cdnoticias.com\/index.php\/2022\/11\/27\/no-pudo-ser-para-chingotto-y-garrido-en-mexico\/","title":{"rendered":"No pudo ser para Chingotto y Garrido en M\u00e9xico"},"content":{"rendered":"<p>Cayeron en la instancia de Semifinales del Open de M\u00e9xico ante Juan Tello y Francisco Navarro y por primera vez el deportista olavarriense enfrent\u00f3 a su ex compa\u00f1ero.<!--more--><\/p>\n<hr \/>\n<p>Chingotto y Tello cayeron ante Navarro y Tello por 7\/5 3\/6 7\/5 en el partido de Semifinales que se extendi\u00f3 por 2 horas y 19 minutos en la pista central.<\/p>\n<p>&nbsp;<\/p>\n<p>El cruce entre el olavarriense y el cordob\u00e9s signific\u00f3 el primer duelo tras compartir 8 temporadas y consolidarse entre los mejores del mundo.<\/p>\n","protected":false},"excerpt":{"rendered":"<p>Cayeron en la instancia de Semifinales del Open de M\u00e9xico ante Juan Tello y Francisco Navarro y por primera vez<\/p>\n","protected":false},"author":96739694,"featured_media":151913,"comment_status":"closed","ping_status":"closed","sticky":false,"template":"","format":"standard","meta":{"_jetpack_memberships_contains_paid_content":false,"footnotes":""},"categories":[30,1],"tags":[],"class_list":["post-139901","post","type-post","status-publish","format-standard","has-post-thumbnail","hentry","category-polideportivo","category-portada"],"jetpack_featured_media_url":"https:\/\/i0.wp.com\/cdnoticias.com\/wp-content\/uploads\/2022\/11\/FiiPMrSWYAEDLs8.jpg?fit=2048%2C1170&ssl=1","jetpack_sharing_enabled":true,"_links":{"self":[{"href":"https:\/\/cdnoticias.com\/index.php\/wp-json\/wp\/v2\/posts\/139901","targetHints":{"allow":["GET"]}}],"collection":[{"href":"https:\/\/cdnoticias.com\/index.php\/wp-json\/wp\/v2\/posts"}],"about":[{"href":"https:\/\/cdnoticias.com\/index.php\/wp-json\/wp\/v2\/types\/post"}],"author":[{"embeddable":true,"href":"https:\/\/cdnoticias.com\/index.php\/wp-json\/wp\/v2\/users\/96739694"}],"replies":[{"embeddable":true,"href":"https:\/\/cdnoticias.com\/index.php\/wp-json\/wp\/v2\/comments?post=139901"}],"version-history":[{"count":0,"href":"https:\/\/cdnoticias.com\/index.php\/wp-json\/wp\/v2\/posts\/139901\/revisions"}],"wp:featuredmedia":[{"embeddable":true,"href":"https:\/\/cdnoticias.com\/index.php\/wp-json\/wp\/v2\/media\/151913"}],"wp:attachment":[{"href":"https:\/\/cdnoticias.com\/index.php\/wp-json\/wp\/v2\/media?parent=139901"}],"wp:term":[{"taxonomy":"category","embeddable":true,"href":"https:\/\/cdnoticias.com\/index.php\/wp-json\/wp\/v2\/categories?post=139901"},{"taxonomy":"post_tag","embeddable":true,"href":"https:\/\/cdnoticias.com\/index.php\/wp-json\/wp\/v2\/tags?post=139901"}],"curies":[{"name":"wp","href":"https:\/\/api.w.org\/{rel}","templated":true}]}}