{"id":13990,"date":"2021-02-17T16:16:58","date_gmt":"2021-02-17T19:16:58","guid":{"rendered":"http:\/\/www.centraldenoticias.com.ar\/?p=13990"},"modified":"2021-02-17T16:16:58","modified_gmt":"2021-02-17T19:16:58","slug":"importante-aporte-en-infraestructura-para-comisarias-de-la-ciudad","status":"publish","type":"post","link":"https:\/\/cdnoticias.com\/index.php\/2021\/02\/17\/importante-aporte-en-infraestructura-para-comisarias-de-la-ciudad\/","title":{"rendered":"Importante aporte en infraestructura para comisar\u00edas de la ciudad"},"content":{"rendered":"<p>Fue realizado desde el municipio, a trav\u00e9s del \u00e1rea de Seguridad y Control Urbano. A la comisar\u00eda Segunda, por ejemplo, le fueron entregados materiales para la reparaci\u00f3n del techo que fue da\u00f1ado por el temporal de fines del a\u00f1o pasado.<!--more--><\/p>\n<hr \/>\n<p>En los \u00faltimos d\u00edas desde el municipio local, a trav\u00e9s del \u00e1rea de Seguridad y Control Urbano, se llev\u00f3 a cabo <strong>la entrega de importantes elementos de infraestructura y obras para comisar\u00edas de nuestra ciudad.<\/strong><\/p>\n<p>&nbsp;<\/p>\n<p>De acuerdo con lo que se precis\u00f3, se trata de recursos provenientes de la Tasa de Protecci\u00f3n Ciudadana y que fueron destinados a inversiones que surgen a partir de las necesidades e inquietudes que fueron planteadas desde la Estaci\u00f3n de Polic\u00eda Departamental de Olavarr\u00eda. Tal es as\u00ed que <strong>Daniel Manuel, director del Centro de Monitoreo Municipal, fue quien encabez\u00f3 la entrega de numerosos elementos para la reparaci\u00f3n del techo de la comisar\u00eda Segunda, <\/strong>que se hab\u00eda visto severamente da\u00f1ado <a href=\"https:\/\/cdnoticias.com\/index.php\/2020\/12\/19\/voladuras-y-destrozos-fotos-y-videos-del-temporal-de-viento-en-olavarria\/\" target=\"_blank\" rel=\"noopener\">por el temporal de fines del a\u00f1o pasado.<\/a><\/p>\n<p>&nbsp;<\/p>\n<p><img data-recalc-dims=\"1\" loading=\"lazy\" decoding=\"async\" class=\"alignnone size-full wp-image-13991\" src=\"https:\/\/i0.wp.com\/cdnoticias.com\/wp-content\/uploads\/2021\/02\/entrega.jpg?resize=684%2C421&#038;ssl=1\" alt=\"\" width=\"684\" height=\"421\" srcset=\"https:\/\/i0.wp.com\/cdnoticias.com\/wp-content\/uploads\/2021\/02\/entrega.jpg?w=684&amp;ssl=1 684w, https:\/\/i0.wp.com\/cdnoticias.com\/wp-content\/uploads\/2021\/02\/entrega.jpg?resize=300%2C185&amp;ssl=1 300w\" sizes=\"auto, (max-width: 684px) 100vw, 684px\" \/><\/p>\n<p>&nbsp;<\/p>\n<p>Se a\u00f1adi\u00f3 que todo se tradujo en la entrega de chapas, tirantes, ruberoid y clavos, en<strong> un aporte superior a los 40 mil pesos<\/strong>. A la par, se agreg\u00f3 que el lugar donde funcionar la comisar\u00eda Segunda <strong>se trata de un inmueble que desde hace a\u00f1os es alquilado desde la municipalidad y cedido al Ministerio de Seguridad bonaerense<\/strong>. En la entrega de los elementos estuvieron el jefe de la Estaci\u00f3n de Polic\u00eda, el comisario inspector Roberto Landoni, y la titular de la comisar\u00eda Segunda, la comisario Silvana Lestani.<\/p>\n<p>&nbsp;<\/p>\n<p>A la par, el responsable de Control Urbano, Gustavo Spaltro, lider\u00f3 la<strong> entrega de 10 litros de pintura de l\u00e1tex interior y 5 litros de sanitizante para la comisar\u00eda De la Mujer y la Familia<\/strong>, los cuales fueron recibidos por la titular de esa dependencia, la comisario Vanesa Lauge. Por \u00faltimo,<strong> se enfatiz\u00f3 que ese espacio tambi\u00e9n es alquilado desde el Ejecutivo local y entregado en comodato al Ministerio bonaerense.<\/strong><\/p>\n","protected":false},"excerpt":{"rendered":"<p>Fue realizado desde el municipio, a trav\u00e9s del \u00e1rea de Seguridad y Control Urbano. A la comisar\u00eda Segunda, por ejemplo,<\/p>\n","protected":false},"author":3,"featured_media":13992,"comment_status":"closed","ping_status":"closed","sticky":false,"template":"","format":"standard","meta":{"_jetpack_memberships_contains_paid_content":false,"footnotes":""},"categories":[14,1],"tags":[],"class_list":["post-13990","post","type-post","status-publish","format-standard","has-post-thumbnail","hentry","category-policiales","category-portada"],"jetpack_featured_media_url":"https:\/\/i0.wp.com\/cdnoticias.com\/wp-content\/uploads\/2021\/02\/infraestructura.jpg?fit=800%2C445&ssl=1","jetpack_sharing_enabled":true,"_links":{"self":[{"href":"https:\/\/cdnoticias.com\/index.php\/wp-json\/wp\/v2\/posts\/13990","targetHints":{"allow":["GET"]}}],"collection":[{"href":"https:\/\/cdnoticias.com\/index.php\/wp-json\/wp\/v2\/posts"}],"about":[{"href":"https:\/\/cdnoticias.com\/index.php\/wp-json\/wp\/v2\/types\/post"}],"author":[{"embeddable":true,"href":"https:\/\/cdnoticias.com\/index.php\/wp-json\/wp\/v2\/users\/3"}],"replies":[{"embeddable":true,"href":"https:\/\/cdnoticias.com\/index.php\/wp-json\/wp\/v2\/comments?post=13990"}],"version-history":[{"count":0,"href":"https:\/\/cdnoticias.com\/index.php\/wp-json\/wp\/v2\/posts\/13990\/revisions"}],"wp:featuredmedia":[{"embeddable":true,"href":"https:\/\/cdnoticias.com\/index.php\/wp-json\/wp\/v2\/media\/13992"}],"wp:attachment":[{"href":"https:\/\/cdnoticias.com\/index.php\/wp-json\/wp\/v2\/media?parent=13990"}],"wp:term":[{"taxonomy":"category","embeddable":true,"href":"https:\/\/cdnoticias.com\/index.php\/wp-json\/wp\/v2\/categories?post=13990"},{"taxonomy":"post_tag","embeddable":true,"href":"https:\/\/cdnoticias.com\/index.php\/wp-json\/wp\/v2\/tags?post=13990"}],"curies":[{"name":"wp","href":"https:\/\/api.w.org\/{rel}","templated":true}]}}