{"id":139866,"date":"2022-11-23T17:44:03","date_gmt":"2022-11-23T20:44:03","guid":{"rendered":"http:\/\/centraldeportes.com.ar\/?p=27240"},"modified":"2025-02-10T20:52:42","modified_gmt":"2025-02-10T23:52:42","slug":"racing-de-la-madrid-se-quedo-con-el-titulo-en-maxiliga","status":"publish","type":"post","link":"https:\/\/cdnoticias.com\/index.php\/2022\/11\/23\/racing-de-la-madrid-se-quedo-con-el-titulo-en-maxiliga\/","title":{"rendered":"Racing de La Madrid se qued\u00f3 con el t\u00edtulo en Maxiliga"},"content":{"rendered":"<p>En el gimnasio 19 de Febrero, Racing de La Madrid se consagr\u00f3 campe\u00f3n de la Maxiliga al derrotar ajustadamente al CEF N\u00b044 en el segundo punto de la Final del Torneo Clausura. Adem\u00e1s fue campe\u00f3n del a\u00f1o.<\/p>\n<p><!--more--><\/p>\n<hr \/>\n<p>El conjunto de La Madrid, que en el Willy Matos se hab\u00eda impuesto 63 a 39 al CEF N\u00b044 en el primer punto, venci\u00f3 72 a 71 en el segundo punto y levant\u00f3 el t\u00edtulo de campe\u00f3n.<\/p>\n<p>&nbsp;<\/p>\n<p>En un partido de tr\u00e1mite parejo, la visita no hab\u00eda logrado mantener la diferencia inicial y debi\u00f3 sufrir hasta la \u00faltima pelota para sellar la serie por 2 a 0 y quedarse con el trofeo del segundo torneo del a\u00f1o.<\/p>\n<p>&nbsp;<\/p>\n<p>Adem\u00e1s, el conjunto visitante se qued\u00f3 con el t\u00edtulo de campe\u00f3n anual al ser el ganador tambi\u00e9n del Torneo Apertura.<\/p>\n<p>&nbsp;<\/p>\n<p>S\u00edntesis CEF N\u00b044 \u2013 Racing:<br \/>\nEstadio: 19 de Febrero<br \/>\n\u00c1rbitros: Bourdieu, E., Serantes, S. y Varela, L.<br \/>\n<strong>CEF N\u00b044 (71): Mangifesta (0), Otiz (5), Mend\u00eda (10), Quenpan (1), Bourgeois (10) -FI- N\u00fa\u00f1ez (18), Escudero (6), Odriozola (0), Bourgeois (3), Preste (2), Caruso (10). DT- Bruno Cirvelli<\/strong><br \/>\n<strong>Racing (72): Ponce (7), Arnaude (16), Murici (19), Rodr\u00edguez (11), Peretti (2) -FI- L\u00f3pez (1), Arga\u00f1a (4), Lozada (0), Marchueta (0), Eseppi (6), Malianni (4), Garc\u00eda (2).<\/strong><br \/>\nParciales: 10 \u2013 29; 34 \u2013 39; 54 \u2013 57 y 71 \u2013 72<\/p>\n","protected":false},"excerpt":{"rendered":"<p>En el gimnasio 19 de Febrero, Racing de La Madrid se consagr\u00f3 campe\u00f3n de la Maxiliga al derrotar ajustadamente al<\/p>\n","protected":false},"author":96739694,"featured_media":151650,"comment_status":"closed","ping_status":"closed","sticky":false,"template":"","format":"standard","meta":{"_jetpack_memberships_contains_paid_content":false,"footnotes":""},"categories":[31,1,50],"tags":[],"class_list":["post-139866","post","type-post","status-publish","format-standard","has-post-thumbnail","hentry","category-basquet","category-portada","category-veteranos"],"jetpack_featured_media_url":"https:\/\/i0.wp.com\/cdnoticias.com\/wp-content\/uploads\/2022\/11\/maxiligas.png?fit=800%2C445&ssl=1","jetpack_sharing_enabled":true,"_links":{"self":[{"href":"https:\/\/cdnoticias.com\/index.php\/wp-json\/wp\/v2\/posts\/139866","targetHints":{"allow":["GET"]}}],"collection":[{"href":"https:\/\/cdnoticias.com\/index.php\/wp-json\/wp\/v2\/posts"}],"about":[{"href":"https:\/\/cdnoticias.com\/index.php\/wp-json\/wp\/v2\/types\/post"}],"author":[{"embeddable":true,"href":"https:\/\/cdnoticias.com\/index.php\/wp-json\/wp\/v2\/users\/96739694"}],"replies":[{"embeddable":true,"href":"https:\/\/cdnoticias.com\/index.php\/wp-json\/wp\/v2\/comments?post=139866"}],"version-history":[{"count":0,"href":"https:\/\/cdnoticias.com\/index.php\/wp-json\/wp\/v2\/posts\/139866\/revisions"}],"wp:featuredmedia":[{"embeddable":true,"href":"https:\/\/cdnoticias.com\/index.php\/wp-json\/wp\/v2\/media\/151650"}],"wp:attachment":[{"href":"https:\/\/cdnoticias.com\/index.php\/wp-json\/wp\/v2\/media?parent=139866"}],"wp:term":[{"taxonomy":"category","embeddable":true,"href":"https:\/\/cdnoticias.com\/index.php\/wp-json\/wp\/v2\/categories?post=139866"},{"taxonomy":"post_tag","embeddable":true,"href":"https:\/\/cdnoticias.com\/index.php\/wp-json\/wp\/v2\/tags?post=139866"}],"curies":[{"name":"wp","href":"https:\/\/api.w.org\/{rel}","templated":true}]}}