{"id":139860,"date":"2022-11-22T18:26:12","date_gmt":"2022-11-22T21:26:12","guid":{"rendered":"http:\/\/centraldeportes.com.ar\/?p=27207"},"modified":"2025-02-10T20:53:21","modified_gmt":"2025-02-10T23:53:21","slug":"independiente-jugara-el-torneo-federal","status":"publish","type":"post","link":"https:\/\/cdnoticias.com\/index.php\/2022\/11\/22\/independiente-jugara-el-torneo-federal\/","title":{"rendered":"Independiente jugar\u00e1 el Torneo Federal"},"content":{"rendered":"<p>El pasado viernes se consum\u00f3 el regreso de Independiente de Tandil a la tercera categor\u00eda del b\u00e1squet nacional en una peculiar situaci\u00f3n y tras el ascenso, el base olavarriense del plantel habl\u00f3 con El Eco.<\/p>\n<p><!--more--><\/p>\n<hr \/>\n<p>El \u201cRojinegro\u201d de Tandil termin\u00f3 la Etapa Regular de la Regi\u00f3n CAB 3 con 9 victorias y cinco derrotas, ocup\u00f3 la tercera posici\u00f3n de la tabla y deb\u00eda afrontar los Play-Off para saber su futuro, sin embargo, IAE Club -el segundo- renunci\u00f3 a su plaza y decret\u00f3 el ascenso de los dirigidos por \u00c1lvaro Casti\u00f1eiras.<\/p>\n<p>&nbsp;<\/p>\n<p>Obtenido el ascenso, Gast\u00f3n Di Salvo habl\u00f3 con la prensa de la localidad serrana:<\/p>\n<p>&nbsp;<\/p>\n<p>Al cabo de buena parte de la campa\u00f1a rojinegra, el olavarriense Gast\u00f3n Di Salvo ofici\u00f3 de base titular, oportunidad que se le present\u00f3 ante la severa lesi\u00f3n del cordob\u00e9s Juan Mart\u00edn Larrea.<\/p>\n<p>&nbsp;<\/p>\n<p><img data-recalc-dims=\"1\" loading=\"lazy\" decoding=\"async\" class=\"aligncenter size-full wp-image-27208\" src=\"https:\/\/i0.wp.com\/centraldeportes.com.ar\/wp-content\/uploads\/2022\/11\/WhatsApp-Image-2022-11-22-at-18.22.30.jpeg?resize=800%2C600\" alt=\"\" width=\"800\" height=\"600\" \/><\/p>\n<p>&nbsp;<\/p>\n<p>Tras no integrar el plantel que el a\u00f1o pasado celebr\u00f3 id\u00e9ntico logro, Di Salvo pudo esta vez ser parte, vivi\u00e9ndolo desde adentro y paladeando una de las satisfacciones m\u00e1s especiales de su carrera.<\/p>\n<p>&nbsp;<\/p>\n<p>\u201cDesde un principio, el objetivo era conseguir el ascenso. Fue un poco raro por c\u00f3mo se dio. Me enter\u00e9 en el entrenamiento de ayer (viernes), desconoc\u00eda la situaci\u00f3n de IAE. Ten\u00edamos la cabeza puesta en jugar los playoffs. Lo que busc\u00e1bamos era ascender, no importaba la manera\u201d.<\/p>\n<p>&nbsp;<\/p>\n<p><strong>-Fue un torneo que present\u00f3 distintos niveles. Uni\u00f3n despegado del resto e Independiente en un segundo escal\u00f3n junto a IAE.<\/strong><\/p>\n<p>&nbsp;<\/p>\n<p>-Tal cual. Qued\u00f3 claramente demostrado que Uni\u00f3n estaba muy por encima del resto, de hecho gan\u00f3 todos los partidos. Creo que fuimos nosotros quienes m\u00e1s cerca estuvimos de ganarle. De entrada sab\u00edamos que iba a ser un torneo complicado, sobre todo en los partidos de visitante. Tuvimos dos juegos fuera de Tandil que podr\u00edamos haber ganado y se nos escaparon, nuestro torneo se hubiese dado de otra manera. Lo importante es que, despu\u00e9s de esas derrotas, pudimos \u201ccambiar la cara\u201d y ganar los juegos necesarios para quedar terceros, el objetivo que nos planteamos una vez que el segundo puesto era inalcanzable.<\/p>\n<p>&nbsp;<\/p>\n<p><strong>-\u00bfQu\u00e9 aport\u00f3 un entrenador de la experiencia y jerarqu\u00eda de Casti\u00f1eira?<\/strong><\/p>\n<p>&nbsp;<\/p>\n<p>-A veces, parece estar un paso adelante. Personalmente, me marca cosas de las que no me hab\u00eda dado cuenta o ante las cuales reacciono un segundo tarde. En todo momento trat\u00e9 de aprovecharlo y pienso seguir haci\u00e9ndolo. Es un entrenador con un gran recorrido en el b\u00e1squet y lo vive de una manera muy especial. Es un privilegio ser dirigido por \u00e9l, te ayuda a mejorar constantemente. En lo personal, me brind\u00f3 la confianza que todo jugador necesita.<\/p>\n<p>&nbsp;<\/p>\n<p><strong>-\u00bfConsider\u00e1s que el equipo fue creciendo con el correr del torneo teniendo en cuenta los cambios que atraves\u00f3 respecto a su participaci\u00f3n en la Liga Federal?<\/strong><\/p>\n<p>&nbsp;<\/p>\n<p>-S\u00ed. Haber perdido a un jugador como Emmanuel (Hartstock) no es sencillo. Es dif\u00edcil, te dir\u00eda que imposible, reemplazarlo. Cuando un jugador de esa clase se va, los dem\u00e1s tenemos que dar un plus para no subsanar esa ausencia. Arrancamos viendo d\u00f3nde est\u00e1bamos parados y respondiendo a lo que nos ped\u00eda \u00c1lvaro (Casti\u00f1eira): mejorar en cada entrenamiento. Mucho o poco, pero lo hicimos, terminamos siendo mejores que cuando arrancamos.<\/p>\n<p>&nbsp;<\/p>\n<p><strong>-En lo personal tambi\u00e9n experimentaste un crecimiento, entre una l\u00f3gica madurez y la oportunidad de disponer de muchos minutos al ser, durante casi todo el torneo, el base titular.<\/strong><\/p>\n<p>&nbsp;<\/p>\n<p>-Seguro. Lamentablemente, se dio por la lesi\u00f3n de Juan (Larrea). Hasta que se incorpor\u00f3 Denis (Bossarelli) tuve que jugar alrededor de treinta minutos por partido. M\u00e1s all\u00e1 de los motivos por los que ocurra, a uno siempre le gusta estar en cancha y trata de aprovecharlo. Me sent\u00ed muy c\u00f3modo en el equipo, en determinado momento qued\u00e9 como \u00fanico base natural y tuve que hacerme cargo. Fue un lindo desaf\u00edo, que encar\u00e9 con la confianza del entrenador y mis compa\u00f1eros.<\/p>\n<p>&nbsp;<\/p>\n<p><strong>-\u00bfSaldaste una cuenta pendiente despu\u00e9s de no haber podido ser parte del ascenso del a\u00f1o pasado?<\/strong><\/p>\n<p>&nbsp;<\/p>\n<p>-S\u00ed. Ese logro lo disfrut\u00e9 como hincha, incluso sinti\u00e9ndome un poco parte de eso, m\u00e1s all\u00e1 de que ese torneo lo jugu\u00e9 para Pueblo Nuevo, con la misma pretensi\u00f3n de ascender. Ahora, haberlo vivido desde adentro es algo muy lindo.<\/p>\n<p>&nbsp;<\/p>\n<p><strong>-\u00bfProyect\u00e1s continuar en el club?<\/strong><\/p>\n<p>&nbsp;<\/p>\n<p>-Todav\u00eda no lo s\u00e9. Mi idea era afrontar los playoffs y despu\u00e9s parar y pensar qu\u00e9 hacer. Obviamente, me encantar\u00eda continuar en Independiente, pero tengo que poner muchas cosas en la balanza, entre ellas mis estudios.<\/p>\n","protected":false},"excerpt":{"rendered":"<p>El pasado viernes se consum\u00f3 el regreso de Independiente de Tandil a la tercera categor\u00eda del b\u00e1squet nacional en una<\/p>\n","protected":false},"author":96739694,"featured_media":148625,"comment_status":"closed","ping_status":"closed","sticky":false,"template":"","format":"standard","meta":{"_jetpack_memberships_contains_paid_content":false,"footnotes":""},"categories":[31,1,60],"tags":[],"class_list":["post-139860","post","type-post","status-publish","format-standard","has-post-thumbnail","hentry","category-basquet","category-portada","category-torneo-pre-federal"],"jetpack_featured_media_url":"https:\/\/i0.wp.com\/cdnoticias.com\/wp-content\/uploads\/2022\/09\/di-salvo.jpeg?fit=1280%2C873&ssl=1","jetpack_sharing_enabled":true,"_links":{"self":[{"href":"https:\/\/cdnoticias.com\/index.php\/wp-json\/wp\/v2\/posts\/139860","targetHints":{"allow":["GET"]}}],"collection":[{"href":"https:\/\/cdnoticias.com\/index.php\/wp-json\/wp\/v2\/posts"}],"about":[{"href":"https:\/\/cdnoticias.com\/index.php\/wp-json\/wp\/v2\/types\/post"}],"author":[{"embeddable":true,"href":"https:\/\/cdnoticias.com\/index.php\/wp-json\/wp\/v2\/users\/96739694"}],"replies":[{"embeddable":true,"href":"https:\/\/cdnoticias.com\/index.php\/wp-json\/wp\/v2\/comments?post=139860"}],"version-history":[{"count":0,"href":"https:\/\/cdnoticias.com\/index.php\/wp-json\/wp\/v2\/posts\/139860\/revisions"}],"wp:featuredmedia":[{"embeddable":true,"href":"https:\/\/cdnoticias.com\/index.php\/wp-json\/wp\/v2\/media\/148625"}],"wp:attachment":[{"href":"https:\/\/cdnoticias.com\/index.php\/wp-json\/wp\/v2\/media?parent=139860"}],"wp:term":[{"taxonomy":"category","embeddable":true,"href":"https:\/\/cdnoticias.com\/index.php\/wp-json\/wp\/v2\/categories?post=139860"},{"taxonomy":"post_tag","embeddable":true,"href":"https:\/\/cdnoticias.com\/index.php\/wp-json\/wp\/v2\/tags?post=139860"}],"curies":[{"name":"wp","href":"https:\/\/api.w.org\/{rel}","templated":true}]}}