{"id":139842,"date":"2022-11-20T12:38:29","date_gmt":"2022-11-20T15:38:29","guid":{"rendered":"http:\/\/centraldeportes.com.ar\/?p=27094"},"modified":"2025-02-10T20:47:30","modified_gmt":"2025-02-10T23:47:30","slug":"rodriguez-y-andrada-los-ganadores-del-1-homenaje-a-diego-wagner-clar","status":"publish","type":"post","link":"https:\/\/cdnoticias.com\/index.php\/2022\/11\/20\/rodriguez-y-andrada-los-ganadores-del-1-homenaje-a-diego-wagner-clar\/","title":{"rendered":"Rodr\u00edguez y Andrada, los ganadores del 1\u00b0 homenaje a Diego Wagner Clar"},"content":{"rendered":"<p>A pesar de la lluvia, se desarroll\u00f3 normalmente primera edici\u00f3n de la prueba pedestre homenaje a Diego Emilio Wagner Clar, que consagr\u00f3 como ganadores a Diego Rodr\u00edguez y Antonella Andrada.<\/p>\n<p><!--more--><\/p>\n<hr \/>\n<p>Organizada por Jonathan Navarro y fiscalizado por el C\u00edrculo de Atletas Veteranos de Olavarr\u00eda se realiz\u00f3 la competencia en la distancia de 10 y 6 kil\u00f3metros con largada y llegada en la r\u00e9plica del submarino ARA San Juan, ubicada en Hinojo.<\/p>\n<p>&nbsp;<\/p>\n<p>Con condiciones clim\u00e1ticas adversas que incluyeron lluvia durante las tres vueltas del recorrido, m\u00e1s de 200 atletas dijeron presentes en el homenaje a cinco a\u00f1os del hundimiento del submarino ARA San Juan.<\/p>\n<p>&nbsp;<\/p>\n<p>[soliloquy id=&#8221;27082&#8243;]<\/p>\n<p>&nbsp;<\/p>\n<p>En lo que respecta a resultados, bajo el aliento de la familia del olavarriense fallecido, el mejor de la mayor de las distancias fue Diego Rodr\u00edguez con 34 minutos y un segundo y fue escoltado por Mauricio Olivera con 34:50, Diego D\u00edaz con 34:52, Pablo Ingratta con 35:03 y Marcos Gamondi con 37:13.<\/p>\n<p>&nbsp;<\/p>\n<p>Antonella Andrada con 41:15 fue la ganadora en la categor\u00eda Damas y la acompa\u00f1aron en el podio Florencia Ju\u00e1rez con 43:32, Nerina Morales con 44:13, Carola Rearte 48:09 y Paola Cano con 48:55.<\/p>\n<p>&nbsp;<\/p>\n<p>En la distancia de 6 kil\u00f3metros que cont\u00f3 con la presencia de la hermana de Diego Wagner Clar, los ganadores fueron Iv\u00e1n Silvero y Luc\u00eda Pe\u00f1alva.<\/p>\n","protected":false},"excerpt":{"rendered":"<p>A pesar de la lluvia, se desarroll\u00f3 normalmente primera edici\u00f3n de la prueba pedestre homenaje a Diego Emilio Wagner Clar,<\/p>\n","protected":false},"author":96739694,"featured_media":151514,"comment_status":"closed","ping_status":"closed","sticky":false,"template":"","format":"standard","meta":{"_jetpack_memberships_contains_paid_content":false,"footnotes":""},"categories":[38,1],"tags":[],"class_list":["post-139842","post","type-post","status-publish","format-standard","has-post-thumbnail","hentry","category-pedestrismo","category-portada"],"jetpack_featured_media_url":"https:\/\/i0.wp.com\/cdnoticias.com\/wp-content\/uploads\/2022\/11\/carrera-wagner-4.jpeg?fit=1280%2C853&ssl=1","jetpack_sharing_enabled":true,"_links":{"self":[{"href":"https:\/\/cdnoticias.com\/index.php\/wp-json\/wp\/v2\/posts\/139842","targetHints":{"allow":["GET"]}}],"collection":[{"href":"https:\/\/cdnoticias.com\/index.php\/wp-json\/wp\/v2\/posts"}],"about":[{"href":"https:\/\/cdnoticias.com\/index.php\/wp-json\/wp\/v2\/types\/post"}],"author":[{"embeddable":true,"href":"https:\/\/cdnoticias.com\/index.php\/wp-json\/wp\/v2\/users\/96739694"}],"replies":[{"embeddable":true,"href":"https:\/\/cdnoticias.com\/index.php\/wp-json\/wp\/v2\/comments?post=139842"}],"version-history":[{"count":0,"href":"https:\/\/cdnoticias.com\/index.php\/wp-json\/wp\/v2\/posts\/139842\/revisions"}],"wp:featuredmedia":[{"embeddable":true,"href":"https:\/\/cdnoticias.com\/index.php\/wp-json\/wp\/v2\/media\/151514"}],"wp:attachment":[{"href":"https:\/\/cdnoticias.com\/index.php\/wp-json\/wp\/v2\/media?parent=139842"}],"wp:term":[{"taxonomy":"category","embeddable":true,"href":"https:\/\/cdnoticias.com\/index.php\/wp-json\/wp\/v2\/categories?post=139842"},{"taxonomy":"post_tag","embeddable":true,"href":"https:\/\/cdnoticias.com\/index.php\/wp-json\/wp\/v2\/tags?post=139842"}],"curies":[{"name":"wp","href":"https:\/\/api.w.org\/{rel}","templated":true}]}}