{"id":139825,"date":"2022-11-18T17:20:42","date_gmt":"2022-11-18T20:20:42","guid":{"rendered":"http:\/\/centraldeportes.com.ar\/?p=26942"},"modified":"2025-02-14T00:17:25","modified_gmt":"2025-02-14T03:17:25","slug":"correa-iguiniz-en-estudiantes-y-tarantola-en-el-palomar-fueron-campeones","status":"publish","type":"post","link":"https:\/\/cdnoticias.com\/index.php\/2022\/11\/18\/correa-iguiniz-en-estudiantes-y-tarantola-en-el-palomar-fueron-campeones\/","title":{"rendered":"Correa Igui\u00f1iz en Estudiantes y Tarantola en El Palomar fueron campeones"},"content":{"rendered":"<p>Francisco Correa Igui\u00f1iz y Agustina Tarantola lograron festejar el pasado fin de semana en diferentes Torneos Regionales.<\/p>\n<p><!--more--><\/p>\n<hr \/>\n<p>Desde el viernes hasta el domingo se realiz\u00f3 en las doce canchas del Club Estudiantes un nuevo Torneo Regional de Menores organizado por la Federaci\u00f3n de Clubes de Tenis del Centro y fue con conquista para Francisco Correa Igui\u00f1iz.<\/p>\n<p>&nbsp;<\/p>\n<p>En el Parque Guerrero se complet\u00f3 una nutrida competencia que tuvo un festejo local y por otro lado, Agustina Tar\u00e1ntola festej\u00f3 por partida doble en el Club Sitas de El Palomar.<\/p>\n<p>&nbsp;<\/p>\n<p>En Singles, llegaba como la preclasificada N\u00b01 y no cedi\u00f3 ning\u00fan set; en Semifinales le gan\u00f3 a Sof\u00eda Sim\u00f3n Padr\u00f3s 6\/1 y 6\/0 y en la final le gan\u00f3 a Sof\u00eda Cuoco (N\u00b02) por 6\/2 y 6\/0 y en Dobles, junto a Felicitas Sim\u00f3n Padr\u00f3s, ganaron la final muy ajustada que se defini\u00f3 en Super Tie-Break. Fue 3\/6, 7\/5 y 10\/3 ante Sof\u00eda Sim\u00f3n Padr\u00f3s y Sof\u00eda Cuoco.<\/p>\n<p>&nbsp;<\/p>\n<p><img data-recalc-dims=\"1\" loading=\"lazy\" decoding=\"async\" class=\"aligncenter size-full wp-image-26945\" src=\"https:\/\/i0.wp.com\/centraldeportes.com.ar\/wp-content\/uploads\/2022\/11\/tenis.jpeg?resize=800%2C533\" alt=\"\" width=\"800\" height=\"533\" \/><\/p>\n<p>&nbsp;<\/p>\n<p>Los resultados en Olavarr\u00eda:<\/p>\n<p>&nbsp;<\/p>\n<p>Sub12 Damas:<br \/>\nCampeona: G. Garc\u00eda Amaro<br \/>\nSubcampeona: V. Paez<\/p>\n<p>Sub14 Damas:<br \/>\nCampeona: A.C Andreazzini<br \/>\nSubcampeona: C. Navarro<\/p>\n<p>Sub14 Damas Dobles:<br \/>\nCampeonas: A.C Andreazzini \u2013 C. Navarro<br \/>\nSubcampeonas: M. Laino \u2013 M. Casarini<\/p>\n<p>Sub16 Damas:<br \/>\nCampeona: M. Falabella<br \/>\nSubcampeona: M. Arisio<\/p>\n<p>Sub10 Caballeros:<br \/>\nCampe\u00f3n: M. Doartero<br \/>\nSubcampe\u00f3n: A. Sorochar<\/p>\n<p>Sub12 Caballeros:<br \/>\nCampe\u00f3n F. Correa Igui\u00f1iz<br \/>\nSubcampe\u00f3n: J. Zarantonello<\/p>\n<p>Sub12 Caballeros Dobles:<br \/>\nCampeones: F. Correa Igui\u00f1iz \u2013 T. Insanti<br \/>\nSubcampeones: B. Haritchet \u2013 J. Zarantonello<\/p>\n<p>Sub14 Caballeros:<br \/>\nCampe\u00f3n: A. Mafezzoli<br \/>\nSubcampe\u00f3n: G. Ursini<\/p>\n<p>Sub16 Caballeros:<br \/>\nCampe\u00f3n: M. Quevedo<br \/>\nSubcampe\u00f3n: M. Palavecino<\/p>\n<p>Sub18 Caballeros:<br \/>\nCampe\u00f3n: B. Maffini<br \/>\nSubcampe\u00f3n: M. Maidana<\/p>\n<p>Sub18 Caballeros Dobles:<br \/>\nCampeones: B. Maffini \u2013 M. Maidana<br \/>\nSubcampeones: J. Arisio \u2013 M. Catal\u00e1n<\/p>\n","protected":false},"excerpt":{"rendered":"<p>Francisco Correa Igui\u00f1iz y Agustina Tarantola lograron festejar el pasado fin de semana en diferentes Torneos Regionales.<\/p>\n","protected":false},"author":96739694,"featured_media":150746,"comment_status":"closed","ping_status":"closed","sticky":false,"template":"","format":"standard","meta":{"_jetpack_memberships_contains_paid_content":false,"footnotes":""},"categories":[30,1],"tags":[],"class_list":["post-139825","post","type-post","status-publish","format-standard","has-post-thumbnail","hentry","category-polideportivo","category-portada"],"jetpack_featured_media_url":"https:\/\/i0.wp.com\/cdnoticias.com\/wp-content\/uploads\/2022\/11\/WhatsApp-Image-2022-11-18-at-17.19.26-1.jpeg?fit=1280%2C876&ssl=1","jetpack_sharing_enabled":true,"_links":{"self":[{"href":"https:\/\/cdnoticias.com\/index.php\/wp-json\/wp\/v2\/posts\/139825","targetHints":{"allow":["GET"]}}],"collection":[{"href":"https:\/\/cdnoticias.com\/index.php\/wp-json\/wp\/v2\/posts"}],"about":[{"href":"https:\/\/cdnoticias.com\/index.php\/wp-json\/wp\/v2\/types\/post"}],"author":[{"embeddable":true,"href":"https:\/\/cdnoticias.com\/index.php\/wp-json\/wp\/v2\/users\/96739694"}],"replies":[{"embeddable":true,"href":"https:\/\/cdnoticias.com\/index.php\/wp-json\/wp\/v2\/comments?post=139825"}],"version-history":[{"count":0,"href":"https:\/\/cdnoticias.com\/index.php\/wp-json\/wp\/v2\/posts\/139825\/revisions"}],"wp:featuredmedia":[{"embeddable":true,"href":"https:\/\/cdnoticias.com\/index.php\/wp-json\/wp\/v2\/media\/150746"}],"wp:attachment":[{"href":"https:\/\/cdnoticias.com\/index.php\/wp-json\/wp\/v2\/media?parent=139825"}],"wp:term":[{"taxonomy":"category","embeddable":true,"href":"https:\/\/cdnoticias.com\/index.php\/wp-json\/wp\/v2\/categories?post=139825"},{"taxonomy":"post_tag","embeddable":true,"href":"https:\/\/cdnoticias.com\/index.php\/wp-json\/wp\/v2\/tags?post=139825"}],"curies":[{"name":"wp","href":"https:\/\/api.w.org\/{rel}","templated":true}]}}