{"id":139792,"date":"2022-11-14T23:07:31","date_gmt":"2022-11-15T02:07:31","guid":{"rendered":"http:\/\/centraldeportes.com.ar\/?p=26778"},"modified":"2025-02-02T21:10:43","modified_gmt":"2025-02-03T00:10:43","slug":"nicolas-pezzucchi-arribo-octavo-en-las-tc-pick-up","status":"publish","type":"post","link":"https:\/\/cdnoticias.com\/index.php\/2022\/11\/14\/nicolas-pezzucchi-arribo-octavo-en-las-tc-pick-up\/","title":{"rendered":"Nicol\u00e1s Pezzucchi arrib\u00f3 octavo en las TC Pick Up"},"content":{"rendered":"<p>El olavarriense estuvo presente en la pen\u00faltima fecha del campeonato de las camionetas de la ACTC y pudo ver la bandera a cuadros entre los diez mejores de la categor\u00eda. Andy Jakos se qued\u00f3 con la victoria.<!--more--><\/p>\n<hr \/>\n<p>Las TC Pick Up van llegando a la definici\u00f3n del campeonato y este domingo, en el \u201cRoberto Mouras\u201d de La Plata, se disput\u00f3 la pen\u00faltima fecha del campeonato, y Valent\u00edn Aguirre es el nuevo l\u00edder de la Copa tras ser segundo y superar por 9 puntos a Omar Mart\u00ednez. El tercero es Agust\u00edn Mart\u00ednez con 84 unidades.<\/p>\n<p>&nbsp;<\/p>\n<p>Andr\u00e9s Jakos se qued\u00f3 con la victoria en la final, mientras que detr\u00e1s de Valent\u00edn Aguirre complet\u00f3 el Marcos Quijada.<\/p>\n<p>&nbsp;<\/p>\n<p>Para Nicol\u00e1s Pezzucchi fue una interesante carrera, en donde pudo avanzar en una dura y entretenida final, para terminar viendo la bandera a cuadros en el octavo lugar, luego de partir desde el duod\u00e9cimo puesto de la grilla. En un tramo de la carrera debi\u00f3 padecer con una falla que lo complic\u00f3, pero luego la Nissan recuper\u00f3 el ritmo de carrera y pudo recuperar. De este modo, Nico marcha d\u00e9cimo en la Copa.<\/p>\n<p>&nbsp;<\/p>\n<p>La d\u00e9cima y \u00faltima fecha del torneo se iba a disputar el 4 de diciembre en el Aut\u00f3dromo San Juan Villicum, pero por problemas del gobierno de la provincia se determin\u00f3 que no se competir\u00e1 en este escenario. Las posibilidades son varias, pero tal vez tenga una m\u00ednima chance Olavarr\u00eda, un escenario que siempre est\u00e1 dispuesto para tener a estas categor\u00edas.<\/p>\n","protected":false},"excerpt":{"rendered":"<p>El olavarriense estuvo presente en la pen\u00faltima fecha del campeonato de las camionetas de la ACTC y pudo ver la<\/p>\n","protected":false},"author":96739694,"featured_media":150507,"comment_status":"closed","ping_status":"closed","sticky":false,"template":"","format":"standard","meta":{"_jetpack_memberships_contains_paid_content":false,"footnotes":""},"categories":[34,1,39],"tags":[],"class_list":["post-139792","post","type-post","status-publish","format-standard","has-post-thumbnail","hentry","category-automovilismo","category-portada","category-tc-pick-up"],"jetpack_featured_media_url":"https:\/\/i0.wp.com\/cdnoticias.com\/wp-content\/uploads\/2022\/11\/WhatsApp-Image-2022-11-14-at-20.10.45.jpeg?fit=1080%2C720&ssl=1","jetpack_sharing_enabled":true,"_links":{"self":[{"href":"https:\/\/cdnoticias.com\/index.php\/wp-json\/wp\/v2\/posts\/139792","targetHints":{"allow":["GET"]}}],"collection":[{"href":"https:\/\/cdnoticias.com\/index.php\/wp-json\/wp\/v2\/posts"}],"about":[{"href":"https:\/\/cdnoticias.com\/index.php\/wp-json\/wp\/v2\/types\/post"}],"author":[{"embeddable":true,"href":"https:\/\/cdnoticias.com\/index.php\/wp-json\/wp\/v2\/users\/96739694"}],"replies":[{"embeddable":true,"href":"https:\/\/cdnoticias.com\/index.php\/wp-json\/wp\/v2\/comments?post=139792"}],"version-history":[{"count":0,"href":"https:\/\/cdnoticias.com\/index.php\/wp-json\/wp\/v2\/posts\/139792\/revisions"}],"wp:featuredmedia":[{"embeddable":true,"href":"https:\/\/cdnoticias.com\/index.php\/wp-json\/wp\/v2\/media\/150507"}],"wp:attachment":[{"href":"https:\/\/cdnoticias.com\/index.php\/wp-json\/wp\/v2\/media?parent=139792"}],"wp:term":[{"taxonomy":"category","embeddable":true,"href":"https:\/\/cdnoticias.com\/index.php\/wp-json\/wp\/v2\/categories?post=139792"},{"taxonomy":"post_tag","embeddable":true,"href":"https:\/\/cdnoticias.com\/index.php\/wp-json\/wp\/v2\/tags?post=139792"}],"curies":[{"name":"wp","href":"https:\/\/api.w.org\/{rel}","templated":true}]}}