{"id":139783,"date":"2022-11-13T23:15:49","date_gmt":"2022-11-14T02:15:49","guid":{"rendered":"http:\/\/centraldeportes.com.ar\/?p=26749"},"modified":"2025-02-02T21:01:51","modified_gmt":"2025-02-03T00:01:51","slug":"el-mal-clima-impidio-la-actividad-del-torneo-de-las-sierras","status":"publish","type":"post","link":"https:\/\/cdnoticias.com\/index.php\/2022\/11\/13\/el-mal-clima-impidio-la-actividad-del-torneo-de-las-sierras\/","title":{"rendered":"El mal clima impidi\u00f3 la actividad del Torneo de las Sierras"},"content":{"rendered":"<p>Producto de la intensa lluvia, este domingo se suspendi\u00f3 la 2\u00b0 fecha del Octogonal amistoso integrado por equipos de Primera y de la Divisional B. Solo se jug\u00f3 Sierra Chica \u2013 Loma Negra en Reserva.<!--more--><\/p>\n<hr \/>\n<p><strong>Debido a las p\u00e9simas condiciones clim\u00e1ticas<\/strong> en la tarde de este domingo, <strong>qued\u00f3 interrumpida la 2\u00b0 fecha del Octogonal amistoso<\/strong> organizado por la Liga de F\u00fatbol de Olavarr\u00eda.<\/p>\n<p>&nbsp;<\/p>\n<p>La actividad qued\u00f3 trunca mientras se desarrollaban los partidos de Reserva, donde <strong>el \u00fanico duelo que lleg\u00f3 a completarse fue Sierra Chica \u2013 Loma Negra<\/strong> con triunfo 3 a 1 para el conjunto de la banda azul.<\/p>\n<p>&nbsp;<\/p>\n<p>El resto de los encuentros m\u00e1s los 4 enfrentamientos de Primera quedaron suspendidos y<strong> ser\u00e1n reprogramados en los pr\u00f3ximos d\u00edas<\/strong>.<\/p>\n","protected":false},"excerpt":{"rendered":"<p>Producto de la intensa lluvia, este domingo se suspendi\u00f3 la 2\u00b0 fecha del Octogonal amistoso integrado por equipos de Primera<\/p>\n","protected":false},"author":96739694,"featured_media":150056,"comment_status":"closed","ping_status":"closed","sticky":false,"template":"","format":"standard","meta":{"_jetpack_memberships_contains_paid_content":false,"footnotes":""},"categories":[35,1,41],"tags":[],"class_list":["post-139783","post","type-post","status-publish","format-standard","has-post-thumbnail","hentry","category-futbol","category-portada","category-primera-y-reserva"],"jetpack_featured_media_url":"https:\/\/i0.wp.com\/cdnoticias.com\/wp-content\/uploads\/2022\/07\/WhatsApp-Image-2022-07-27-at-8.04.45-PM-e1658963145372.jpeg?fit=900%2C584&ssl=1","jetpack_sharing_enabled":true,"_links":{"self":[{"href":"https:\/\/cdnoticias.com\/index.php\/wp-json\/wp\/v2\/posts\/139783","targetHints":{"allow":["GET"]}}],"collection":[{"href":"https:\/\/cdnoticias.com\/index.php\/wp-json\/wp\/v2\/posts"}],"about":[{"href":"https:\/\/cdnoticias.com\/index.php\/wp-json\/wp\/v2\/types\/post"}],"author":[{"embeddable":true,"href":"https:\/\/cdnoticias.com\/index.php\/wp-json\/wp\/v2\/users\/96739694"}],"replies":[{"embeddable":true,"href":"https:\/\/cdnoticias.com\/index.php\/wp-json\/wp\/v2\/comments?post=139783"}],"version-history":[{"count":0,"href":"https:\/\/cdnoticias.com\/index.php\/wp-json\/wp\/v2\/posts\/139783\/revisions"}],"wp:featuredmedia":[{"embeddable":true,"href":"https:\/\/cdnoticias.com\/index.php\/wp-json\/wp\/v2\/media\/150056"}],"wp:attachment":[{"href":"https:\/\/cdnoticias.com\/index.php\/wp-json\/wp\/v2\/media?parent=139783"}],"wp:term":[{"taxonomy":"category","embeddable":true,"href":"https:\/\/cdnoticias.com\/index.php\/wp-json\/wp\/v2\/categories?post=139783"},{"taxonomy":"post_tag","embeddable":true,"href":"https:\/\/cdnoticias.com\/index.php\/wp-json\/wp\/v2\/tags?post=139783"}],"curies":[{"name":"wp","href":"https:\/\/api.w.org\/{rel}","templated":true}]}}